{"id":18465,"date":"2025-06-11T16:43:10","date_gmt":"2025-06-11T14:43:10","guid":{"rendered":"https:\/\/wgphoto.pl\/t\/?p=18465"},"modified":"2025-06-11T16:43:10","modified_gmt":"2025-06-11T14:43:10","slug":"pojazd-niegodny-motywu","status":"publish","type":"post","link":"https:\/\/wgphoto.pl\/t\/?p=18465","title":{"rendered":"Pojazd niegodny motywu"},"content":{"rendered":"\n<figure class=\"wp-block-image aligncenter size-full\"><img loading=\"lazy\" decoding=\"async\" width=\"1300\" height=\"861\" src=\"https:\/\/wgphoto.pl\/t\/wp-content\/uploads\/2025\/06\/IMGP9590-2.jpg\" alt=\"\" class=\"wp-image-18466\" srcset=\"https:\/\/wgphoto.pl\/t\/wp-content\/uploads\/2025\/06\/IMGP9590-2.jpg 1300w, https:\/\/wgphoto.pl\/t\/wp-content\/uploads\/2025\/06\/IMGP9590-2-300x199.jpg 300w, https:\/\/wgphoto.pl\/t\/wp-content\/uploads\/2025\/06\/IMGP9590-2-768x509.jpg 768w\" sizes=\"auto, (max-width: 1300px) 100vw, 1300px\" \/><\/figure>\n\n\n\n<div class=\"wp-block-group has-global-padding is-layout-constrained wp-block-group-is-layout-constrained\">\n<p>Pozwol\u0119 sobie doda\u0107 jeszcze jedno foto przedstawiaj\u0105ce sytuacj\u0119 z poprzedniego zdj\u0119cia, w gorszym \u015bwietle i z gorszym pojazdem, tylko po to \u017ceby pokaza\u0107, \u017ce jednostkom Coradia Continental od Alstomu nic nie pomo\u017ce, w ka\u017cdych barwach wygl\u0105daj\u0105 r\u00f3wnie \u017ale. Jednostka nr ET341 mija w pe\u0142nym biegu Eddersheim jad\u0105c jako RE4 najprawdopodobniej z Frankfurtu(Main)Hbf do Karlsruhe Hbf. [25.08.2022]<\/p>\n<\/div>\n","protected":false},"excerpt":{"rendered":"<p>Pozwol\u0119 sobie doda\u0107 jeszcze jedno foto przedstawiaj\u0105ce sytuacj\u0119 z poprzedniego zdj\u0119cia, w gorszym \u015bwietle i z gorszym pojazdem, tylko po to \u017ceby pokaza\u0107, \u017ce jednostkom Coradia Continental od Alstomu nic nie pomo\u017ce, w ka\u017cdych barwach wygl\u0105daj\u0105 r\u00f3wnie \u017ale. Jednostka nr ET341 mija w pe\u0142nym biegu Eddersheim jad\u0105c jako RE4 najprawdopodobniej z Frankfurtu(Main)Hbf do Karlsruhe Hbf. [&hellip;]<\/p>\n","protected":false},"author":1,"featured_media":18466,"comment_status":"open","ping_status":"","sticky":false,"template":"","format":"standard","meta":{"footnotes":""},"categories":[2,669],"tags":[1292,1282,1905,3993,563,23,53],"class_list":["post-18465","post","type-post","status-publish","format-standard","has-post-thumbnail","hentry","category-kolej","category-rok-2022","tag-2022-08-25","tag-9-euro-ticket-2022","tag-alstom-coradia-continental","tag-eddersheim","tag-hlb","tag-niemcy","tag-sygnalizacja-ksztaltowa"],"_links":{"self":[{"href":"https:\/\/wgphoto.pl\/t\/index.php?rest_route=\/wp\/v2\/posts\/18465","targetHints":{"allow":["GET"]}}],"collection":[{"href":"https:\/\/wgphoto.pl\/t\/index.php?rest_route=\/wp\/v2\/posts"}],"about":[{"href":"https:\/\/wgphoto.pl\/t\/index.php?rest_route=\/wp\/v2\/types\/post"}],"author":[{"embeddable":true,"href":"https:\/\/wgphoto.pl\/t\/index.php?rest_route=\/wp\/v2\/users\/1"}],"replies":[{"embeddable":true,"href":"https:\/\/wgphoto.pl\/t\/index.php?rest_route=%2Fwp%2Fv2%2Fcomments&post=18465"}],"version-history":[{"count":1,"href":"https:\/\/wgphoto.pl\/t\/index.php?rest_route=\/wp\/v2\/posts\/18465\/revisions"}],"predecessor-version":[{"id":18467,"href":"https:\/\/wgphoto.pl\/t\/index.php?rest_route=\/wp\/v2\/posts\/18465\/revisions\/18467"}],"wp:featuredmedia":[{"embeddable":true,"href":"https:\/\/wgphoto.pl\/t\/index.php?rest_route=\/wp\/v2\/media\/18466"}],"wp:attachment":[{"href":"https:\/\/wgphoto.pl\/t\/index.php?rest_route=%2Fwp%2Fv2%2Fmedia&parent=18465"}],"wp:term":[{"taxonomy":"category","embeddable":true,"href":"https:\/\/wgphoto.pl\/t\/index.php?rest_route=%2Fwp%2Fv2%2Fcategories&post=18465"},{"taxonomy":"post_tag","embeddable":true,"href":"https:\/\/wgphoto.pl\/t\/index.php?rest_route=%2Fwp%2Fv2%2Ftags&post=18465"}],"curies":[{"name":"wp","href":"https:\/\/api.w.org\/{rel}","templated":true}]}}