{"id":18468,"date":"2025-06-11T16:44:32","date_gmt":"2025-06-11T14:44:32","guid":{"rendered":"https:\/\/wgphoto.pl\/t\/?p=18468"},"modified":"2025-06-11T16:44:32","modified_gmt":"2025-06-11T14:44:32","slug":"gustav-adolf-strasse","status":"publish","type":"post","link":"https:\/\/wgphoto.pl\/t\/?p=18468","title":{"rendered":"Gustav-Adolf-Strasse"},"content":{"rendered":"\n<figure class=\"wp-block-image aligncenter size-full\"><img loading=\"lazy\" decoding=\"async\" width=\"1300\" height=\"861\" src=\"https:\/\/wgphoto.pl\/t\/wp-content\/uploads\/2025\/06\/IMGP6738.jpg\" alt=\"\" class=\"wp-image-18469\" srcset=\"https:\/\/wgphoto.pl\/t\/wp-content\/uploads\/2025\/06\/IMGP6738.jpg 1300w, https:\/\/wgphoto.pl\/t\/wp-content\/uploads\/2025\/06\/IMGP6738-300x199.jpg 300w, https:\/\/wgphoto.pl\/t\/wp-content\/uploads\/2025\/06\/IMGP6738-768x509.jpg 768w\" sizes=\"auto, (max-width: 1300px) 100vw, 1300px\" \/><\/figure>\n\n\n\n<div class=\"wp-block-group has-global-padding is-layout-constrained wp-block-group-is-layout-constrained\">\n<p>Stacja Gustav-Adolf-Strasse w Norymberdze by\u0142a w\u00f3wczas ko\u0144cow\u0105 dla linii U3 (od roku 2020 poci\u0105gi doje\u017cd\u017caj\u0105 stacj\u0119 dalej, a kolejny odcinek jest w budowie). By\u0142o tam pusto, bo na ko\u0144cu trasy nietrudno o takie foto, tym bardziej o godz. 22. Linia otwarta w 2008 roku jest pierwsz\u0105 w Niemczech z ruchem automatycznym, bez maszynisty (pomimo istnienia kabiny w tym akurat poje\u017adzie &#8211; DT3-F nr 786, rok prod. 2010). Bardzo mi si\u0119 ten system podoba, bo jak wida\u0107, mo\u017cna je\u017adzi\u0107 bezobs\u0142ugowo bez zasiek\u00f3w na kraw\u0119dzi peronu. Warta odnotowania jest te\u017c du\u017ca p\u0142ynno\u015b\u0107 rozruchu i hamowania, a z t\u0105 w automatycznym metrze bywa r\u00f3\u017cnie. [22.10.2019]<\/p>\n<\/div>\n","protected":false},"excerpt":{"rendered":"<p>Stacja Gustav-Adolf-Strasse w Norymberdze by\u0142a w\u00f3wczas ko\u0144cow\u0105 dla linii U3 (od roku 2020 poci\u0105gi doje\u017cd\u017caj\u0105 stacj\u0119 dalej, a kolejny odcinek jest w budowie). By\u0142o tam pusto, bo na ko\u0144cu trasy nietrudno o takie foto, tym bardziej o godz. 22. Linia otwarta w 2008 roku jest pierwsz\u0105 w Niemczech z ruchem automatycznym, bez maszynisty (pomimo istnienia [&hellip;]<\/p>\n","protected":false},"author":1,"featured_media":18469,"comment_status":"open","ping_status":"","sticky":false,"template":"","format":"standard","meta":{"footnotes":""},"categories":[4,136],"tags":[1302,173,23,1303,223,15,3995,1304,575],"class_list":["post-18468","post","type-post","status-publish","format-standard","has-post-thumbnail","hentry","category-metro","category-rok-2019","tag-2019-10-22","tag-koncowki","tag-niemcy","tag-norymberga","tag-symetria","tag-tunel","tag-u-bahn-nurnberg","tag-vag-nurnberg","tag-wakacje-2019"],"_links":{"self":[{"href":"https:\/\/wgphoto.pl\/t\/index.php?rest_route=\/wp\/v2\/posts\/18468","targetHints":{"allow":["GET"]}}],"collection":[{"href":"https:\/\/wgphoto.pl\/t\/index.php?rest_route=\/wp\/v2\/posts"}],"about":[{"href":"https:\/\/wgphoto.pl\/t\/index.php?rest_route=\/wp\/v2\/types\/post"}],"author":[{"embeddable":true,"href":"https:\/\/wgphoto.pl\/t\/index.php?rest_route=\/wp\/v2\/users\/1"}],"replies":[{"embeddable":true,"href":"https:\/\/wgphoto.pl\/t\/index.php?rest_route=%2Fwp%2Fv2%2Fcomments&post=18468"}],"version-history":[{"count":1,"href":"https:\/\/wgphoto.pl\/t\/index.php?rest_route=\/wp\/v2\/posts\/18468\/revisions"}],"predecessor-version":[{"id":18470,"href":"https:\/\/wgphoto.pl\/t\/index.php?rest_route=\/wp\/v2\/posts\/18468\/revisions\/18470"}],"wp:featuredmedia":[{"embeddable":true,"href":"https:\/\/wgphoto.pl\/t\/index.php?rest_route=\/wp\/v2\/media\/18469"}],"wp:attachment":[{"href":"https:\/\/wgphoto.pl\/t\/index.php?rest_route=%2Fwp%2Fv2%2Fmedia&parent=18468"}],"wp:term":[{"taxonomy":"category","embeddable":true,"href":"https:\/\/wgphoto.pl\/t\/index.php?rest_route=%2Fwp%2Fv2%2Fcategories&post=18468"},{"taxonomy":"post_tag","embeddable":true,"href":"https:\/\/wgphoto.pl\/t\/index.php?rest_route=%2Fwp%2Fv2%2Ftags&post=18468"}],"curies":[{"name":"wp","href":"https:\/\/api.w.org\/{rel}","templated":true}]}}