{"id":18474,"date":"2025-06-11T16:47:17","date_gmt":"2025-06-11T14:47:17","guid":{"rendered":"https:\/\/wgphoto.pl\/t\/?p=18474"},"modified":"2025-06-11T16:47:17","modified_gmt":"2025-06-11T14:47:17","slug":"gleboka-nad-weltawa","status":"publish","type":"post","link":"https:\/\/wgphoto.pl\/t\/?p=18474","title":{"rendered":"G\u0142\u0119boka nad We\u0142taw\u0105"},"content":{"rendered":"\n<figure class=\"wp-block-image aligncenter size-full\"><img loading=\"lazy\" decoding=\"async\" width=\"1300\" height=\"861\" src=\"https:\/\/wgphoto.pl\/t\/wp-content\/uploads\/2025\/06\/IMGP0737-1.jpg\" alt=\"\" class=\"wp-image-18475\" srcset=\"https:\/\/wgphoto.pl\/t\/wp-content\/uploads\/2025\/06\/IMGP0737-1.jpg 1300w, https:\/\/wgphoto.pl\/t\/wp-content\/uploads\/2025\/06\/IMGP0737-1-300x199.jpg 300w, https:\/\/wgphoto.pl\/t\/wp-content\/uploads\/2025\/06\/IMGP0737-1-768x509.jpg 768w\" sizes=\"auto, (max-width: 1300px) 100vw, 1300px\" \/><\/figure>\n\n\n\n<div class=\"wp-block-group has-global-padding is-layout-constrained wp-block-group-is-layout-constrained\">\n<p>242.245-9 z poci\u0105giem osobowym relacji \u010cesk\u00e9 Bud\u011bjovice &#8211; Ra\u017eice lub P\u00edsek (lub P\u00edsek przez Ra\u017eice &#8211; k\u0142ania si\u0119 brak rozk\u0142adu jazdy) zatrzymuje si\u0119 w Hlubokiej nad Vltavou. [23.09.2020]<\/p>\n<\/div>\n","protected":false},"excerpt":{"rendered":"<p>242.245-9 z poci\u0105giem osobowym relacji \u010cesk\u00e9 Bud\u011bjovice &#8211; Ra\u017eice lub P\u00edsek (lub P\u00edsek przez Ra\u017eice &#8211; k\u0142ania si\u0119 brak rozk\u0142adu jazdy) zatrzymuje si\u0119 w Hlubokiej nad Vltavou. [23.09.2020]<\/p>\n","protected":false},"author":1,"featured_media":18475,"comment_status":"open","ping_status":"","sticky":false,"template":"","format":"standard","meta":{"footnotes":""},"categories":[2,676],"tags":[2134,305,50,49,2003,3996,24,716],"class_list":["post-18474","post","type-post","status-publish","format-standard","has-post-thumbnail","hentry","category-kolej","category-rok-2020","tag-2020-09-23","tag-305","tag-cd","tag-czechy","tag-czeskie-wakacje-2020","tag-hluboka-nad-vltavou","tag-perony","tag-tab-cz190"],"_links":{"self":[{"href":"https:\/\/wgphoto.pl\/t\/index.php?rest_route=\/wp\/v2\/posts\/18474","targetHints":{"allow":["GET"]}}],"collection":[{"href":"https:\/\/wgphoto.pl\/t\/index.php?rest_route=\/wp\/v2\/posts"}],"about":[{"href":"https:\/\/wgphoto.pl\/t\/index.php?rest_route=\/wp\/v2\/types\/post"}],"author":[{"embeddable":true,"href":"https:\/\/wgphoto.pl\/t\/index.php?rest_route=\/wp\/v2\/users\/1"}],"replies":[{"embeddable":true,"href":"https:\/\/wgphoto.pl\/t\/index.php?rest_route=%2Fwp%2Fv2%2Fcomments&post=18474"}],"version-history":[{"count":1,"href":"https:\/\/wgphoto.pl\/t\/index.php?rest_route=\/wp\/v2\/posts\/18474\/revisions"}],"predecessor-version":[{"id":18476,"href":"https:\/\/wgphoto.pl\/t\/index.php?rest_route=\/wp\/v2\/posts\/18474\/revisions\/18476"}],"wp:featuredmedia":[{"embeddable":true,"href":"https:\/\/wgphoto.pl\/t\/index.php?rest_route=\/wp\/v2\/media\/18475"}],"wp:attachment":[{"href":"https:\/\/wgphoto.pl\/t\/index.php?rest_route=%2Fwp%2Fv2%2Fmedia&parent=18474"}],"wp:term":[{"taxonomy":"category","embeddable":true,"href":"https:\/\/wgphoto.pl\/t\/index.php?rest_route=%2Fwp%2Fv2%2Fcategories&post=18474"},{"taxonomy":"post_tag","embeddable":true,"href":"https:\/\/wgphoto.pl\/t\/index.php?rest_route=%2Fwp%2Fv2%2Ftags&post=18474"}],"curies":[{"name":"wp","href":"https:\/\/api.w.org\/{rel}","templated":true}]}}