{"id":18483,"date":"2025-06-11T16:50:09","date_gmt":"2025-06-11T14:50:09","guid":{"rendered":"https:\/\/wgphoto.pl\/t\/?p=18483"},"modified":"2025-06-11T16:50:09","modified_gmt":"2025-06-11T14:50:09","slug":"pociagiem-na-cmentarz","status":"publish","type":"post","link":"https:\/\/wgphoto.pl\/t\/?p=18483","title":{"rendered":"Poci\u0105giem na cmentarz"},"content":{"rendered":"\n<figure class=\"wp-block-image aligncenter size-full\"><img loading=\"lazy\" decoding=\"async\" width=\"1300\" height=\"861\" src=\"https:\/\/wgphoto.pl\/t\/wp-content\/uploads\/2025\/06\/IMGP0012-1.jpg\" alt=\"\" class=\"wp-image-18484\" srcset=\"https:\/\/wgphoto.pl\/t\/wp-content\/uploads\/2025\/06\/IMGP0012-1.jpg 1300w, https:\/\/wgphoto.pl\/t\/wp-content\/uploads\/2025\/06\/IMGP0012-1-300x199.jpg 300w, https:\/\/wgphoto.pl\/t\/wp-content\/uploads\/2025\/06\/IMGP0012-1-768x509.jpg 768w\" sizes=\"auto, (max-width: 1300px) 100vw, 1300px\" \/><\/figure>\n\n\n\n<div class=\"wp-block-group has-global-padding is-layout-constrained wp-block-group-is-layout-constrained\">\n<p>Jednostka 661.012 jako poci\u0105g osobowy 3226 relacji P\u00fachov &#8211; Strelenka odje\u017cd\u017ca z przystanku Lys\u00e1 pod Makytou, mijaj\u0105c miejscowy cmentarz oraz ko\u015bci\u00f3\u0142 pw. \u015aw. Stefana. [13.10.2022]<\/p>\n<\/div>\n","protected":false},"excerpt":{"rendered":"<p>Jednostka 661.012 jako poci\u0105g osobowy 3226 relacji P\u00fachov &#8211; Strelenka odje\u017cd\u017ca z przystanku Lys\u00e1 pod Makytou, mijaj\u0105c miejscowy cmentarz oraz ko\u015bci\u00f3\u0142 pw. \u015aw. Stefana. [13.10.2022]<\/p>\n","protected":false},"author":1,"featured_media":18484,"comment_status":"open","ping_status":"","sticky":false,"template":"","format":"standard","meta":{"footnotes":""},"categories":[2,669],"tags":[3997,3999,114,126,113,3998,2939,675,753,469],"class_list":["post-18483","post","type-post","status-publish","format-standard","has-post-thumbnail","hentry","category-kolej","category-rok-2022","tag-2022-10-13","tag-3999","tag-gory","tag-jesien","tag-landszaft","tag-lysa-pod-makytou","tag-regio-panter","tag-slowacja","tag-slowacka-jesien-2022","tag-zssk"],"_links":{"self":[{"href":"https:\/\/wgphoto.pl\/t\/index.php?rest_route=\/wp\/v2\/posts\/18483","targetHints":{"allow":["GET"]}}],"collection":[{"href":"https:\/\/wgphoto.pl\/t\/index.php?rest_route=\/wp\/v2\/posts"}],"about":[{"href":"https:\/\/wgphoto.pl\/t\/index.php?rest_route=\/wp\/v2\/types\/post"}],"author":[{"embeddable":true,"href":"https:\/\/wgphoto.pl\/t\/index.php?rest_route=\/wp\/v2\/users\/1"}],"replies":[{"embeddable":true,"href":"https:\/\/wgphoto.pl\/t\/index.php?rest_route=%2Fwp%2Fv2%2Fcomments&post=18483"}],"version-history":[{"count":1,"href":"https:\/\/wgphoto.pl\/t\/index.php?rest_route=\/wp\/v2\/posts\/18483\/revisions"}],"predecessor-version":[{"id":18485,"href":"https:\/\/wgphoto.pl\/t\/index.php?rest_route=\/wp\/v2\/posts\/18483\/revisions\/18485"}],"wp:featuredmedia":[{"embeddable":true,"href":"https:\/\/wgphoto.pl\/t\/index.php?rest_route=\/wp\/v2\/media\/18484"}],"wp:attachment":[{"href":"https:\/\/wgphoto.pl\/t\/index.php?rest_route=%2Fwp%2Fv2%2Fmedia&parent=18483"}],"wp:term":[{"taxonomy":"category","embeddable":true,"href":"https:\/\/wgphoto.pl\/t\/index.php?rest_route=%2Fwp%2Fv2%2Fcategories&post=18483"},{"taxonomy":"post_tag","embeddable":true,"href":"https:\/\/wgphoto.pl\/t\/index.php?rest_route=%2Fwp%2Fv2%2Ftags&post=18483"}],"curies":[{"name":"wp","href":"https:\/\/api.w.org\/{rel}","templated":true}]}}