{"id":18495,"date":"2025-06-11T16:53:36","date_gmt":"2025-06-11T14:53:36","guid":{"rendered":"https:\/\/wgphoto.pl\/t\/?p=18495"},"modified":"2025-06-11T16:53:36","modified_gmt":"2025-06-11T14:53:36","slug":"troche-nieoczywiscie","status":"publish","type":"post","link":"https:\/\/wgphoto.pl\/t\/?p=18495","title":{"rendered":"Troch\u0119 nieoczywi\u015bcie"},"content":{"rendered":"\n<figure class=\"wp-block-image aligncenter size-full\"><img loading=\"lazy\" decoding=\"async\" width=\"773\" height=\"1000\" src=\"https:\/\/wgphoto.pl\/t\/wp-content\/uploads\/2025\/06\/0337-17.jpg\" alt=\"\" class=\"wp-image-18496\" srcset=\"https:\/\/wgphoto.pl\/t\/wp-content\/uploads\/2025\/06\/0337-17.jpg 773w, https:\/\/wgphoto.pl\/t\/wp-content\/uploads\/2025\/06\/0337-17-232x300.jpg 232w, https:\/\/wgphoto.pl\/t\/wp-content\/uploads\/2025\/06\/0337-17-768x994.jpg 768w\" sizes=\"auto, (max-width: 773px) 100vw, 773px\" \/><\/figure>\n\n\n\n<div class=\"wp-block-group has-global-padding is-layout-constrained wp-block-group-is-layout-constrained\">\n<p>Wroc\u0142aw, ul. Kazimierza Wielkiego, 102Na 2029 na linii E7 (Grabiszy\u0144ska &#8211; Pilczyce). Linie specjalne rzadko by\u0142y fotografowane z dala od cmentarzy, tutaj taki pstryk z samego centrum. [01.11.2003]<\/p>\n<\/div>\n","protected":false},"excerpt":{"rendered":"<p>Wroc\u0142aw, ul. Kazimierza Wielkiego, 102Na 2029 na linii E7 (Grabiszy\u0144ska &#8211; Pilczyce). Linie specjalne rzadko by\u0142y fotografowane z dala od cmentarzy, tutaj taki pstryk z samego centrum. [01.11.2003]<\/p>\n","protected":false},"author":1,"featured_media":18496,"comment_status":"open","ping_status":"","sticky":false,"template":"","format":"standard","meta":{"footnotes":""},"categories":[62,128,149,3],"tags":[1847,309,42,27,41,127],"class_list":["post-18495","post","type-post","status-publish","format-standard","has-post-thumbnail","hentry","category-analog","category-pionowe","category-rok-2003","category-tramwaj","tag-2003-11-01","tag-konstal-102na","tag-mpk-wroclaw","tag-polska","tag-wroclaw","tag-wroclawskie-e"],"_links":{"self":[{"href":"https:\/\/wgphoto.pl\/t\/index.php?rest_route=\/wp\/v2\/posts\/18495","targetHints":{"allow":["GET"]}}],"collection":[{"href":"https:\/\/wgphoto.pl\/t\/index.php?rest_route=\/wp\/v2\/posts"}],"about":[{"href":"https:\/\/wgphoto.pl\/t\/index.php?rest_route=\/wp\/v2\/types\/post"}],"author":[{"embeddable":true,"href":"https:\/\/wgphoto.pl\/t\/index.php?rest_route=\/wp\/v2\/users\/1"}],"replies":[{"embeddable":true,"href":"https:\/\/wgphoto.pl\/t\/index.php?rest_route=%2Fwp%2Fv2%2Fcomments&post=18495"}],"version-history":[{"count":1,"href":"https:\/\/wgphoto.pl\/t\/index.php?rest_route=\/wp\/v2\/posts\/18495\/revisions"}],"predecessor-version":[{"id":18497,"href":"https:\/\/wgphoto.pl\/t\/index.php?rest_route=\/wp\/v2\/posts\/18495\/revisions\/18497"}],"wp:featuredmedia":[{"embeddable":true,"href":"https:\/\/wgphoto.pl\/t\/index.php?rest_route=\/wp\/v2\/media\/18496"}],"wp:attachment":[{"href":"https:\/\/wgphoto.pl\/t\/index.php?rest_route=%2Fwp%2Fv2%2Fmedia&parent=18495"}],"wp:term":[{"taxonomy":"category","embeddable":true,"href":"https:\/\/wgphoto.pl\/t\/index.php?rest_route=%2Fwp%2Fv2%2Fcategories&post=18495"},{"taxonomy":"post_tag","embeddable":true,"href":"https:\/\/wgphoto.pl\/t\/index.php?rest_route=%2Fwp%2Fv2%2Ftags&post=18495"}],"curies":[{"name":"wp","href":"https:\/\/api.w.org\/{rel}","templated":true}]}}