{"id":18498,"date":"2025-06-11T16:54:31","date_gmt":"2025-06-11T14:54:31","guid":{"rendered":"https:\/\/wgphoto.pl\/t\/?p=18498"},"modified":"2025-06-11T16:54:31","modified_gmt":"2025-06-11T14:54:31","slug":"tablica-samorobka","status":"publish","type":"post","link":"https:\/\/wgphoto.pl\/t\/?p=18498","title":{"rendered":"Tablica samor\u00f3bka"},"content":{"rendered":"\n<figure class=\"wp-block-image aligncenter size-full\"><img loading=\"lazy\" decoding=\"async\" width=\"773\" height=\"1000\" src=\"https:\/\/wgphoto.pl\/t\/wp-content\/uploads\/2025\/06\/0337-23.jpg\" alt=\"\" class=\"wp-image-18499\" srcset=\"https:\/\/wgphoto.pl\/t\/wp-content\/uploads\/2025\/06\/0337-23.jpg 773w, https:\/\/wgphoto.pl\/t\/wp-content\/uploads\/2025\/06\/0337-23-232x300.jpg 232w, https:\/\/wgphoto.pl\/t\/wp-content\/uploads\/2025\/06\/0337-23-768x994.jpg 768w\" sizes=\"auto, (max-width: 773px) 100vw, 773px\" \/><\/figure>\n\n\n\n<div class=\"wp-block-group has-global-padding is-layout-constrained wp-block-group-is-layout-constrained\">\n<p>Wroc\u0142aw, pl. Powsta\u0144c\u00f3w Wielkopolskich, 105Na 2546+2547 na linii E4 (Kromera &#8211; Osobowice przez ul. S\u0142owia\u0144sk\u0105), dla kt\u00f3rej najwyra\u017aniej zabrak\u0142o ju\u017c tablic. Ta wygl\u0105da na namalowan\u0105 markerem. [02.11.2003]<\/p>\n<\/div>\n","protected":false},"excerpt":{"rendered":"<p>Wroc\u0142aw, pl. Powsta\u0144c\u00f3w Wielkopolskich, 105Na 2546+2547 na linii E4 (Kromera &#8211; Osobowice przez ul. S\u0142owia\u0144sk\u0105), dla kt\u00f3rej najwyra\u017aniej zabrak\u0142o ju\u017c tablic. Ta wygl\u0105da na namalowan\u0105 markerem. [02.11.2003]<\/p>\n","protected":false},"author":1,"featured_media":18499,"comment_status":"open","ping_status":"","sticky":false,"template":"","format":"standard","meta":{"footnotes":""},"categories":[62,128,149,3],"tags":[155,4000,42,27,41,127],"class_list":["post-18498","post","type-post","status-publish","format-standard","has-post-thumbnail","hentry","category-analog","category-pionowe","category-rok-2003","category-tramwaj","tag-105na","tag-2003-11-02","tag-mpk-wroclaw","tag-polska","tag-wroclaw","tag-wroclawskie-e"],"_links":{"self":[{"href":"https:\/\/wgphoto.pl\/t\/index.php?rest_route=\/wp\/v2\/posts\/18498","targetHints":{"allow":["GET"]}}],"collection":[{"href":"https:\/\/wgphoto.pl\/t\/index.php?rest_route=\/wp\/v2\/posts"}],"about":[{"href":"https:\/\/wgphoto.pl\/t\/index.php?rest_route=\/wp\/v2\/types\/post"}],"author":[{"embeddable":true,"href":"https:\/\/wgphoto.pl\/t\/index.php?rest_route=\/wp\/v2\/users\/1"}],"replies":[{"embeddable":true,"href":"https:\/\/wgphoto.pl\/t\/index.php?rest_route=%2Fwp%2Fv2%2Fcomments&post=18498"}],"version-history":[{"count":1,"href":"https:\/\/wgphoto.pl\/t\/index.php?rest_route=\/wp\/v2\/posts\/18498\/revisions"}],"predecessor-version":[{"id":18500,"href":"https:\/\/wgphoto.pl\/t\/index.php?rest_route=\/wp\/v2\/posts\/18498\/revisions\/18500"}],"wp:featuredmedia":[{"embeddable":true,"href":"https:\/\/wgphoto.pl\/t\/index.php?rest_route=\/wp\/v2\/media\/18499"}],"wp:attachment":[{"href":"https:\/\/wgphoto.pl\/t\/index.php?rest_route=%2Fwp%2Fv2%2Fmedia&parent=18498"}],"wp:term":[{"taxonomy":"category","embeddable":true,"href":"https:\/\/wgphoto.pl\/t\/index.php?rest_route=%2Fwp%2Fv2%2Fcategories&post=18498"},{"taxonomy":"post_tag","embeddable":true,"href":"https:\/\/wgphoto.pl\/t\/index.php?rest_route=%2Fwp%2Fv2%2Ftags&post=18498"}],"curies":[{"name":"wp","href":"https:\/\/api.w.org\/{rel}","templated":true}]}}