{"id":18501,"date":"2025-06-11T16:55:28","date_gmt":"2025-06-11T14:55:28","guid":{"rendered":"https:\/\/wgphoto.pl\/t\/?p=18501"},"modified":"2025-06-11T16:55:28","modified_gmt":"2025-06-11T14:55:28","slug":"plener-niestylizowany","status":"publish","type":"post","link":"https:\/\/wgphoto.pl\/t\/?p=18501","title":{"rendered":"Plener niestylizowany"},"content":{"rendered":"\n<figure class=\"wp-block-image aligncenter size-full\"><img loading=\"lazy\" decoding=\"async\" width=\"1300\" height=\"813\" src=\"https:\/\/wgphoto.pl\/t\/wp-content\/uploads\/2025\/06\/0337-25.jpg\" alt=\"\" class=\"wp-image-18502\" srcset=\"https:\/\/wgphoto.pl\/t\/wp-content\/uploads\/2025\/06\/0337-25.jpg 1300w, https:\/\/wgphoto.pl\/t\/wp-content\/uploads\/2025\/06\/0337-25-300x188.jpg 300w, https:\/\/wgphoto.pl\/t\/wp-content\/uploads\/2025\/06\/0337-25-768x480.jpg 768w\" sizes=\"auto, (max-width: 1300px) 100vw, 1300px\" \/><\/figure>\n\n\n\n<div class=\"wp-block-group has-global-padding is-layout-constrained wp-block-group-is-layout-constrained\">\n<p>Wroc\u0142aw, pl. Stanis\u0142awa Staszica. Sk\u0142ady 105Na 2452+2451 i 105N 2239+2215 obs\u0142uguj\u0105 najwa\u017cniejsz\u0105 lini\u0119 specjaln\u0105, \u0142\u0105cz\u0105c\u0105 dwa najwi\u0119ksze cmentarze w mie\u015bcie &#8211; na Osobowicach i Grabiszynie. Plener m\u00f3g\u0142by by\u0107 niemal \u017cywcem wyj\u0119ty sprzed 50 lat. Nawierzchnia i szyny z przedwojnia wytrzyma\u0142y a\u017c do roku 2022. [02.11.2003]<\/p>\n<\/div>\n","protected":false},"excerpt":{"rendered":"<p>Wroc\u0142aw, pl. Stanis\u0142awa Staszica. Sk\u0142ady 105Na 2452+2451 i 105N 2239+2215 obs\u0142uguj\u0105 najwa\u017cniejsz\u0105 lini\u0119 specjaln\u0105, \u0142\u0105cz\u0105c\u0105 dwa najwi\u0119ksze cmentarze w mie\u015bcie &#8211; na Osobowicach i Grabiszynie. Plener m\u00f3g\u0142by by\u0107 niemal \u017cywcem wyj\u0119ty sprzed 50 lat. Nawierzchnia i szyny z przedwojnia wytrzyma\u0142y a\u017c do roku 2022. [02.11.2003]<\/p>\n","protected":false},"author":1,"featured_media":18502,"comment_status":"open","ping_status":"","sticky":false,"template":"","format":"standard","meta":{"footnotes":""},"categories":[62,149,3],"tags":[354,155,4000,389,42,27,41,127],"class_list":["post-18501","post","type-post","status-publish","format-standard","has-post-thumbnail","hentry","category-analog","category-rok-2003","category-tramwaj","tag-105n","tag-105na","tag-2003-11-02","tag-mijanka","tag-mpk-wroclaw","tag-polska","tag-wroclaw","tag-wroclawskie-e"],"_links":{"self":[{"href":"https:\/\/wgphoto.pl\/t\/index.php?rest_route=\/wp\/v2\/posts\/18501","targetHints":{"allow":["GET"]}}],"collection":[{"href":"https:\/\/wgphoto.pl\/t\/index.php?rest_route=\/wp\/v2\/posts"}],"about":[{"href":"https:\/\/wgphoto.pl\/t\/index.php?rest_route=\/wp\/v2\/types\/post"}],"author":[{"embeddable":true,"href":"https:\/\/wgphoto.pl\/t\/index.php?rest_route=\/wp\/v2\/users\/1"}],"replies":[{"embeddable":true,"href":"https:\/\/wgphoto.pl\/t\/index.php?rest_route=%2Fwp%2Fv2%2Fcomments&post=18501"}],"version-history":[{"count":1,"href":"https:\/\/wgphoto.pl\/t\/index.php?rest_route=\/wp\/v2\/posts\/18501\/revisions"}],"predecessor-version":[{"id":18503,"href":"https:\/\/wgphoto.pl\/t\/index.php?rest_route=\/wp\/v2\/posts\/18501\/revisions\/18503"}],"wp:featuredmedia":[{"embeddable":true,"href":"https:\/\/wgphoto.pl\/t\/index.php?rest_route=\/wp\/v2\/media\/18502"}],"wp:attachment":[{"href":"https:\/\/wgphoto.pl\/t\/index.php?rest_route=%2Fwp%2Fv2%2Fmedia&parent=18501"}],"wp:term":[{"taxonomy":"category","embeddable":true,"href":"https:\/\/wgphoto.pl\/t\/index.php?rest_route=%2Fwp%2Fv2%2Fcategories&post=18501"},{"taxonomy":"post_tag","embeddable":true,"href":"https:\/\/wgphoto.pl\/t\/index.php?rest_route=%2Fwp%2Fv2%2Ftags&post=18501"}],"curies":[{"name":"wp","href":"https:\/\/api.w.org\/{rel}","templated":true}]}}