{"id":18525,"date":"2025-06-11T20:40:04","date_gmt":"2025-06-11T18:40:04","guid":{"rendered":"https:\/\/wgphoto.pl\/t\/?p=18525"},"modified":"2025-06-11T20:40:04","modified_gmt":"2025-06-11T18:40:04","slug":"przed-18-laty","status":"publish","type":"post","link":"https:\/\/wgphoto.pl\/t\/?p=18525","title":{"rendered":"Przed 18 laty"},"content":{"rendered":"\n<figure class=\"wp-block-image aligncenter size-full\"><img loading=\"lazy\" decoding=\"async\" width=\"1300\" height=\"862\" src=\"https:\/\/wgphoto.pl\/t\/wp-content\/uploads\/2025\/06\/0431-02.jpg\" alt=\"\" class=\"wp-image-18526\" srcset=\"https:\/\/wgphoto.pl\/t\/wp-content\/uploads\/2025\/06\/0431-02.jpg 1300w, https:\/\/wgphoto.pl\/t\/wp-content\/uploads\/2025\/06\/0431-02-300x199.jpg 300w, https:\/\/wgphoto.pl\/t\/wp-content\/uploads\/2025\/06\/0431-02-768x509.jpg 768w\" sizes=\"auto, (max-width: 1300px) 100vw, 1300px\" \/><\/figure>\n\n\n\n<div class=\"wp-block-group has-global-padding is-layout-constrained wp-block-group-is-layout-constrained\">\n<p>EU07-468 z CM Wroc\u0142aw z poci\u0105giem 16100 &#8222;Sudety&#8221; z Warszwy Wsch. do K\u0142odzka G\u0142. (tak zapisa\u0142em; dlaczego nie do Kudowy i\/lub Jeleniej G\u00f3ry &#8211; tego nie wiem) mija D\u0105brow\u0119 Ole\u015bnick\u0105. [14.11.2004]<\/p>\n<\/div>\n","protected":false},"excerpt":{"rendered":"<p>EU07-468 z CM Wroc\u0142aw z poci\u0105giem 16100 &#8222;Sudety&#8221; z Warszwy Wsch. do K\u0142odzka G\u0142. (tak zapisa\u0142em; dlaczego nie do Kudowy i\/lub Jeleniej G\u00f3ry &#8211; tego nie wiem) mija D\u0105brow\u0119 Ole\u015bnick\u0105. [14.11.2004]<\/p>\n","protected":false},"author":1,"featured_media":18526,"comment_status":"open","ping_status":"","sticky":false,"template":"","format":"standard","meta":{"footnotes":""},"categories":[62,2,61],"tags":[4003,4004,122,63,27,246],"class_list":["post-18525","post","type-post","status-publish","format-standard","has-post-thumbnail","hentry","category-analog","category-kolej","category-rok-2004","tag-2004-11-14","tag-dabrowa-olesnicka","tag-eu07","tag-pkp","tag-polska","tag-tab-pl200"],"_links":{"self":[{"href":"https:\/\/wgphoto.pl\/t\/index.php?rest_route=\/wp\/v2\/posts\/18525","targetHints":{"allow":["GET"]}}],"collection":[{"href":"https:\/\/wgphoto.pl\/t\/index.php?rest_route=\/wp\/v2\/posts"}],"about":[{"href":"https:\/\/wgphoto.pl\/t\/index.php?rest_route=\/wp\/v2\/types\/post"}],"author":[{"embeddable":true,"href":"https:\/\/wgphoto.pl\/t\/index.php?rest_route=\/wp\/v2\/users\/1"}],"replies":[{"embeddable":true,"href":"https:\/\/wgphoto.pl\/t\/index.php?rest_route=%2Fwp%2Fv2%2Fcomments&post=18525"}],"version-history":[{"count":1,"href":"https:\/\/wgphoto.pl\/t\/index.php?rest_route=\/wp\/v2\/posts\/18525\/revisions"}],"predecessor-version":[{"id":18527,"href":"https:\/\/wgphoto.pl\/t\/index.php?rest_route=\/wp\/v2\/posts\/18525\/revisions\/18527"}],"wp:featuredmedia":[{"embeddable":true,"href":"https:\/\/wgphoto.pl\/t\/index.php?rest_route=\/wp\/v2\/media\/18526"}],"wp:attachment":[{"href":"https:\/\/wgphoto.pl\/t\/index.php?rest_route=%2Fwp%2Fv2%2Fmedia&parent=18525"}],"wp:term":[{"taxonomy":"category","embeddable":true,"href":"https:\/\/wgphoto.pl\/t\/index.php?rest_route=%2Fwp%2Fv2%2Fcategories&post=18525"},{"taxonomy":"post_tag","embeddable":true,"href":"https:\/\/wgphoto.pl\/t\/index.php?rest_route=%2Fwp%2Fv2%2Ftags&post=18525"}],"curies":[{"name":"wp","href":"https:\/\/api.w.org\/{rel}","templated":true}]}}