{"id":18528,"date":"2025-06-11T20:41:24","date_gmt":"2025-06-11T18:41:24","guid":{"rendered":"https:\/\/wgphoto.pl\/t\/?p=18528"},"modified":"2025-06-11T20:41:24","modified_gmt":"2025-06-11T18:41:24","slug":"czyzby-koniec","status":"publish","type":"post","link":"https:\/\/wgphoto.pl\/t\/?p=18528","title":{"rendered":"Czy\u017cby koniec?"},"content":{"rendered":"\n<figure class=\"wp-block-image aligncenter size-full\"><img loading=\"lazy\" decoding=\"async\" width=\"714\" height=\"1000\" src=\"https:\/\/wgphoto.pl\/t\/wp-content\/uploads\/2025\/06\/IMGP0421-1.jpg\" alt=\"\" class=\"wp-image-18531\" srcset=\"https:\/\/wgphoto.pl\/t\/wp-content\/uploads\/2025\/06\/IMGP0421-1.jpg 714w, https:\/\/wgphoto.pl\/t\/wp-content\/uploads\/2025\/06\/IMGP0421-1-214x300.jpg 214w\" sizes=\"auto, (max-width: 714px) 100vw, 714px\" \/><\/figure>\n\n\n\n<div class=\"wp-block-group has-global-padding is-layout-constrained wp-block-group-is-layout-constrained\">\n<p>Antwerpia, Wolstraat, w\u00f3z PCC 7002. Ostatnio gdzie\u015b mi si\u0119 &#8222;obi\u0142o o oczy&#8221;, \u017ce ten odcinek znikn\u0105\u0142 (mam nadziej\u0119, \u017ce tymczasowo) z tramwajowej mapy Antwerpii z powodu z\u0142ego stanu toru. Ju\u017c jaki\u015b czas temu wycofano st\u0105d lini\u0119 12, pozostawiaj\u0105c tylko 11, obs\u0142ugiwan\u0105 solowymi wagonami PCC. Jednokierunkowa p\u0119tla poprowadzona w\u0105skimi ulicami starego miasta by\u0142a jak dla mnie najbardziej klimatycznym fragmentem miejscowej sieci tramwajowej. [15.08.2018]<\/p>\n<\/div>\n","protected":false},"excerpt":{"rendered":"<p>Antwerpia, Wolstraat, w\u00f3z PCC 7002. Ostatnio gdzie\u015b mi si\u0119 &#8222;obi\u0142o o oczy&#8221;, \u017ce ten odcinek znikn\u0105\u0142 (mam nadziej\u0119, \u017ce tymczasowo) z tramwajowej mapy Antwerpii z powodu z\u0142ego stanu toru. Ju\u017c jaki\u015b czas temu wycofano st\u0105d lini\u0119 12, pozostawiaj\u0105c tylko 11, obs\u0142ugiwan\u0105 solowymi wagonami PCC. Jednokierunkowa p\u0119tla poprowadzona w\u0105skimi ulicami starego miasta by\u0142a jak dla mnie [&hellip;]<\/p>\n","protected":false},"author":1,"featured_media":18531,"comment_status":"open","ping_status":"","sticky":false,"template":"","format":"standard","meta":{"footnotes":""},"categories":[128,156,3],"tags":[1416,1414,34,695,696,1415,694],"class_list":["post-18528","post","type-post","status-publish","format-standard","has-post-thumbnail","hentry","category-pionowe","category-rok-2018","category-tramwaj","tag-2018-08-15","tag-antwerpia","tag-architektura","tag-belgia","tag-belgia-2018","tag-de-lijn","tag-pcc"],"_links":{"self":[{"href":"https:\/\/wgphoto.pl\/t\/index.php?rest_route=\/wp\/v2\/posts\/18528","targetHints":{"allow":["GET"]}}],"collection":[{"href":"https:\/\/wgphoto.pl\/t\/index.php?rest_route=\/wp\/v2\/posts"}],"about":[{"href":"https:\/\/wgphoto.pl\/t\/index.php?rest_route=\/wp\/v2\/types\/post"}],"author":[{"embeddable":true,"href":"https:\/\/wgphoto.pl\/t\/index.php?rest_route=\/wp\/v2\/users\/1"}],"replies":[{"embeddable":true,"href":"https:\/\/wgphoto.pl\/t\/index.php?rest_route=%2Fwp%2Fv2%2Fcomments&post=18528"}],"version-history":[{"count":1,"href":"https:\/\/wgphoto.pl\/t\/index.php?rest_route=\/wp\/v2\/posts\/18528\/revisions"}],"predecessor-version":[{"id":18532,"href":"https:\/\/wgphoto.pl\/t\/index.php?rest_route=\/wp\/v2\/posts\/18528\/revisions\/18532"}],"wp:featuredmedia":[{"embeddable":true,"href":"https:\/\/wgphoto.pl\/t\/index.php?rest_route=\/wp\/v2\/media\/18531"}],"wp:attachment":[{"href":"https:\/\/wgphoto.pl\/t\/index.php?rest_route=%2Fwp%2Fv2%2Fmedia&parent=18528"}],"wp:term":[{"taxonomy":"category","embeddable":true,"href":"https:\/\/wgphoto.pl\/t\/index.php?rest_route=%2Fwp%2Fv2%2Fcategories&post=18528"},{"taxonomy":"post_tag","embeddable":true,"href":"https:\/\/wgphoto.pl\/t\/index.php?rest_route=%2Fwp%2Fv2%2Ftags&post=18528"}],"curies":[{"name":"wp","href":"https:\/\/api.w.org\/{rel}","templated":true}]}}