{"id":18551,"date":"2025-06-11T20:47:38","date_gmt":"2025-06-11T18:47:38","guid":{"rendered":"https:\/\/wgphoto.pl\/t\/?p=18551"},"modified":"2025-06-11T20:47:38","modified_gmt":"2025-06-11T18:47:38","slug":"et22-849-lublin","status":"publish","type":"post","link":"https:\/\/wgphoto.pl\/t\/?p=18551","title":{"rendered":"ET22-849, Lublin"},"content":{"rendered":"\n<figure class=\"wp-block-image aligncenter size-full\"><img loading=\"lazy\" decoding=\"async\" width=\"1300\" height=\"862\" src=\"https:\/\/wgphoto.pl\/t\/wp-content\/uploads\/2025\/06\/0420-11.jpg\" alt=\"\" class=\"wp-image-18552\" srcset=\"https:\/\/wgphoto.pl\/t\/wp-content\/uploads\/2025\/06\/0420-11.jpg 1300w, https:\/\/wgphoto.pl\/t\/wp-content\/uploads\/2025\/06\/0420-11-300x199.jpg 300w, https:\/\/wgphoto.pl\/t\/wp-content\/uploads\/2025\/06\/0420-11-768x509.jpg 768w\" sizes=\"auto, (max-width: 1300px) 100vw, 1300px\" \/><\/figure>\n\n\n\n<div class=\"wp-block-group has-global-padding is-layout-constrained wp-block-group-is-layout-constrained\">\n<p>ET22-849 z CM Lublin z poci\u0105giem pospiesznym 25100 &#8222;Wieniawski&#8221; do Bydgoszczy G\u0142\u00f3wnej przed odjazdem z Lublina. [08.08.2004]<\/p>\n<\/div>\n","protected":false},"excerpt":{"rendered":"<p>ET22-849 z CM Lublin z poci\u0105giem pospiesznym 25100 &#8222;Wieniawski&#8221; do Bydgoszczy G\u0142\u00f3wnej przed odjazdem z Lublina. [08.08.2004]<\/p>\n","protected":false},"author":1,"featured_media":18552,"comment_status":"open","ping_status":"","sticky":false,"template":"","format":"standard","meta":{"footnotes":""},"categories":[62,2,61],"tags":[3341,26,2720,24,63,27,4006],"class_list":["post-18551","post","type-post","status-publish","format-standard","has-post-thumbnail","hentry","category-analog","category-kolej","category-rok-2004","tag-2004-08-08","tag-et22","tag-lublin","tag-perony","tag-pkp","tag-polska","tag-tab-pl550"],"_links":{"self":[{"href":"https:\/\/wgphoto.pl\/t\/index.php?rest_route=\/wp\/v2\/posts\/18551","targetHints":{"allow":["GET"]}}],"collection":[{"href":"https:\/\/wgphoto.pl\/t\/index.php?rest_route=\/wp\/v2\/posts"}],"about":[{"href":"https:\/\/wgphoto.pl\/t\/index.php?rest_route=\/wp\/v2\/types\/post"}],"author":[{"embeddable":true,"href":"https:\/\/wgphoto.pl\/t\/index.php?rest_route=\/wp\/v2\/users\/1"}],"replies":[{"embeddable":true,"href":"https:\/\/wgphoto.pl\/t\/index.php?rest_route=%2Fwp%2Fv2%2Fcomments&post=18551"}],"version-history":[{"count":1,"href":"https:\/\/wgphoto.pl\/t\/index.php?rest_route=\/wp\/v2\/posts\/18551\/revisions"}],"predecessor-version":[{"id":18553,"href":"https:\/\/wgphoto.pl\/t\/index.php?rest_route=\/wp\/v2\/posts\/18551\/revisions\/18553"}],"wp:featuredmedia":[{"embeddable":true,"href":"https:\/\/wgphoto.pl\/t\/index.php?rest_route=\/wp\/v2\/media\/18552"}],"wp:attachment":[{"href":"https:\/\/wgphoto.pl\/t\/index.php?rest_route=%2Fwp%2Fv2%2Fmedia&parent=18551"}],"wp:term":[{"taxonomy":"category","embeddable":true,"href":"https:\/\/wgphoto.pl\/t\/index.php?rest_route=%2Fwp%2Fv2%2Fcategories&post=18551"},{"taxonomy":"post_tag","embeddable":true,"href":"https:\/\/wgphoto.pl\/t\/index.php?rest_route=%2Fwp%2Fv2%2Ftags&post=18551"}],"curies":[{"name":"wp","href":"https:\/\/api.w.org\/{rel}","templated":true}]}}