{"id":18572,"date":"2025-06-11T20:55:10","date_gmt":"2025-06-11T18:55:10","guid":{"rendered":"https:\/\/wgphoto.pl\/t\/?p=18572"},"modified":"2025-06-16T17:33:44","modified_gmt":"2025-06-16T15:33:44","slug":"18572","status":"publish","type":"post","link":"https:\/\/wgphoto.pl\/t\/?p=18572","title":{"rendered":"Wiltener Basilika"},"content":{"rendered":"\n<figure class=\"wp-block-image aligncenter size-full\"><img loading=\"lazy\" decoding=\"async\" width=\"1300\" height=\"861\" src=\"https:\/\/wgphoto.pl\/t\/wp-content\/uploads\/2025\/06\/IMGP6793.jpg\" alt=\"\" class=\"wp-image-18573\" srcset=\"https:\/\/wgphoto.pl\/t\/wp-content\/uploads\/2025\/06\/IMGP6793.jpg 1300w, https:\/\/wgphoto.pl\/t\/wp-content\/uploads\/2025\/06\/IMGP6793-300x199.jpg 300w, https:\/\/wgphoto.pl\/t\/wp-content\/uploads\/2025\/06\/IMGP6793-768x509.jpg 768w\" sizes=\"auto, (max-width: 1300px) 100vw, 1300px\" \/><\/figure>\n\n\n\n<div class=\"wp-block-group has-global-padding is-layout-constrained wp-block-group-is-layout-constrained\">\n<p>Bombardier Flexity Outlook nr 322 wje\u017cd\u017ca na p\u0119tl\u0119 Bergisel w Innsbrucku, min\u0105wszy Bazylik\u0119 Wilte\u0144sk\u0105 (od Wilten, dzielnicy miasta). [18.08.2014]<\/p>\n<\/div>\n","protected":false},"excerpt":{"rendered":"<p>Bombardier Flexity Outlook nr 322 wje\u017cd\u017ca na p\u0119tl\u0119 Bergisel w Innsbrucku, min\u0105wszy Bazylik\u0119 Wilte\u0144sk\u0105 (od Wilten, dzielnicy miasta). [18.08.2014]<\/p>\n","protected":false},"author":1,"featured_media":18573,"comment_status":"open","ping_status":"","sticky":false,"template":"","format":"standard","meta":{"footnotes":""},"categories":[48,3],"tags":[243,34,9,185,114,241,242],"class_list":["post-18572","post","type-post","status-publish","format-standard","has-post-thumbnail","hentry","category-rok-2014","category-tramwaj","tag-2014-08-18","tag-architektura","tag-austria","tag-cityrunner","tag-gory","tag-innsbruck","tag-ivb-innsbruck"],"_links":{"self":[{"href":"https:\/\/wgphoto.pl\/t\/index.php?rest_route=\/wp\/v2\/posts\/18572","targetHints":{"allow":["GET"]}}],"collection":[{"href":"https:\/\/wgphoto.pl\/t\/index.php?rest_route=\/wp\/v2\/posts"}],"about":[{"href":"https:\/\/wgphoto.pl\/t\/index.php?rest_route=\/wp\/v2\/types\/post"}],"author":[{"embeddable":true,"href":"https:\/\/wgphoto.pl\/t\/index.php?rest_route=\/wp\/v2\/users\/1"}],"replies":[{"embeddable":true,"href":"https:\/\/wgphoto.pl\/t\/index.php?rest_route=%2Fwp%2Fv2%2Fcomments&post=18572"}],"version-history":[{"count":2,"href":"https:\/\/wgphoto.pl\/t\/index.php?rest_route=\/wp\/v2\/posts\/18572\/revisions"}],"predecessor-version":[{"id":18725,"href":"https:\/\/wgphoto.pl\/t\/index.php?rest_route=\/wp\/v2\/posts\/18572\/revisions\/18725"}],"wp:featuredmedia":[{"embeddable":true,"href":"https:\/\/wgphoto.pl\/t\/index.php?rest_route=\/wp\/v2\/media\/18573"}],"wp:attachment":[{"href":"https:\/\/wgphoto.pl\/t\/index.php?rest_route=%2Fwp%2Fv2%2Fmedia&parent=18572"}],"wp:term":[{"taxonomy":"category","embeddable":true,"href":"https:\/\/wgphoto.pl\/t\/index.php?rest_route=%2Fwp%2Fv2%2Fcategories&post=18572"},{"taxonomy":"post_tag","embeddable":true,"href":"https:\/\/wgphoto.pl\/t\/index.php?rest_route=%2Fwp%2Fv2%2Ftags&post=18572"}],"curies":[{"name":"wp","href":"https:\/\/api.w.org\/{rel}","templated":true}]}}