{"id":18622,"date":"2025-06-13T18:39:09","date_gmt":"2025-06-13T16:39:09","guid":{"rendered":"https:\/\/wgphoto.pl\/t\/?p=18622"},"modified":"2025-06-13T18:39:09","modified_gmt":"2025-06-13T16:39:09","slug":"o-zadowoleniu","status":"publish","type":"post","link":"https:\/\/wgphoto.pl\/t\/?p=18622","title":{"rendered":"O zadowoleniu"},"content":{"rendered":"\n<figure class=\"wp-block-image aligncenter size-full\"><img loading=\"lazy\" decoding=\"async\" width=\"1300\" height=\"862\" src=\"https:\/\/wgphoto.pl\/t\/wp-content\/uploads\/2025\/06\/0329-19.jpg\" alt=\"\" class=\"wp-image-18623\" srcset=\"https:\/\/wgphoto.pl\/t\/wp-content\/uploads\/2025\/06\/0329-19.jpg 1300w, https:\/\/wgphoto.pl\/t\/wp-content\/uploads\/2025\/06\/0329-19-300x199.jpg 300w, https:\/\/wgphoto.pl\/t\/wp-content\/uploads\/2025\/06\/0329-19-768x509.jpg 768w\" sizes=\"auto, (max-width: 1300px) 100vw, 1300px\" \/><\/figure>\n\n\n\n<div class=\"wp-block-group has-global-padding is-layout-constrained wp-block-group-is-layout-constrained\">\n<p>105Na 2478+2479 za chwil\u0119 sko\u0144czy kurs na p\u0119tli przy Stadionie Olimpijskim we Wroc\u0142awiu. Bior\u0105c pod uwag\u0119 rok wykonania, analogowy no\u015bnik i nieidealny skan, jestem bardzo zadowolony z efektu, dzisiaj raczej dla mnie nieosi\u0105galnego. To raczej nie jest kwestia braku jasnego tele do cyfry, gdy\u017c tutaj, wg analogowego exifa, by\u0142a przys\u0142ona 5.6 na 135 mm, wi\u0119c do &#8222;pe\u0142nej dziury&#8221; jeszcze troch\u0119. [03.08.2003]<\/p>\n<\/div>\n","protected":false},"excerpt":{"rendered":"<p>105Na 2478+2479 za chwil\u0119 sko\u0144czy kurs na p\u0119tli przy Stadionie Olimpijskim we Wroc\u0142awiu. Bior\u0105c pod uwag\u0119 rok wykonania, analogowy no\u015bnik i nieidealny skan, jestem bardzo zadowolony z efektu, dzisiaj raczej dla mnie nieosi\u0105galnego. To raczej nie jest kwestia braku jasnego tele do cyfry, gdy\u017c tutaj, wg analogowego exifa, by\u0142a przys\u0142ona 5.6 na 135 mm, wi\u0119c [&hellip;]<\/p>\n","protected":false},"author":1,"featured_media":18623,"comment_status":"open","ping_status":"","sticky":false,"template":"","format":"standard","meta":{"footnotes":""},"categories":[62,149,3],"tags":[155,1536,42,27,41],"class_list":["post-18622","post","type-post","status-publish","format-standard","has-post-thumbnail","hentry","category-analog","category-rok-2003","category-tramwaj","tag-105na","tag-2003-08-03","tag-mpk-wroclaw","tag-polska","tag-wroclaw"],"_links":{"self":[{"href":"https:\/\/wgphoto.pl\/t\/index.php?rest_route=\/wp\/v2\/posts\/18622","targetHints":{"allow":["GET"]}}],"collection":[{"href":"https:\/\/wgphoto.pl\/t\/index.php?rest_route=\/wp\/v2\/posts"}],"about":[{"href":"https:\/\/wgphoto.pl\/t\/index.php?rest_route=\/wp\/v2\/types\/post"}],"author":[{"embeddable":true,"href":"https:\/\/wgphoto.pl\/t\/index.php?rest_route=\/wp\/v2\/users\/1"}],"replies":[{"embeddable":true,"href":"https:\/\/wgphoto.pl\/t\/index.php?rest_route=%2Fwp%2Fv2%2Fcomments&post=18622"}],"version-history":[{"count":1,"href":"https:\/\/wgphoto.pl\/t\/index.php?rest_route=\/wp\/v2\/posts\/18622\/revisions"}],"predecessor-version":[{"id":18624,"href":"https:\/\/wgphoto.pl\/t\/index.php?rest_route=\/wp\/v2\/posts\/18622\/revisions\/18624"}],"wp:featuredmedia":[{"embeddable":true,"href":"https:\/\/wgphoto.pl\/t\/index.php?rest_route=\/wp\/v2\/media\/18623"}],"wp:attachment":[{"href":"https:\/\/wgphoto.pl\/t\/index.php?rest_route=%2Fwp%2Fv2%2Fmedia&parent=18622"}],"wp:term":[{"taxonomy":"category","embeddable":true,"href":"https:\/\/wgphoto.pl\/t\/index.php?rest_route=%2Fwp%2Fv2%2Fcategories&post=18622"},{"taxonomy":"post_tag","embeddable":true,"href":"https:\/\/wgphoto.pl\/t\/index.php?rest_route=%2Fwp%2Fv2%2Ftags&post=18622"}],"curies":[{"name":"wp","href":"https:\/\/api.w.org\/{rel}","templated":true}]}}