{"id":18643,"date":"2025-06-13T18:47:35","date_gmt":"2025-06-13T16:47:35","guid":{"rendered":"https:\/\/wgphoto.pl\/t\/?p=18643"},"modified":"2025-06-27T22:00:51","modified_gmt":"2025-06-27T20:00:51","slug":"z-gorki-na-pazurki","status":"publish","type":"post","link":"https:\/\/wgphoto.pl\/t\/?p=18643","title":{"rendered":"Z g\u00f3rki na pazurki"},"content":{"rendered":"\n<figure class=\"wp-block-image aligncenter size-full\"><img loading=\"lazy\" decoding=\"async\" width=\"1300\" height=\"861\" src=\"https:\/\/wgphoto.pl\/t\/wp-content\/uploads\/2025\/06\/IMGP7993.jpg\" alt=\"\" class=\"wp-image-18644\" srcset=\"https:\/\/wgphoto.pl\/t\/wp-content\/uploads\/2025\/06\/IMGP7993.jpg 1300w, https:\/\/wgphoto.pl\/t\/wp-content\/uploads\/2025\/06\/IMGP7993-300x199.jpg 300w, https:\/\/wgphoto.pl\/t\/wp-content\/uploads\/2025\/06\/IMGP7993-768x509.jpg 768w\" sizes=\"auto, (max-width: 1300px) 100vw, 1300px\" \/><\/figure>\n\n\n\n<div class=\"wp-block-group has-global-padding is-layout-constrained wp-block-group-is-layout-constrained\">\n<p>\u2026albo na z\u0119by z\u0119batki. Zestaw jednostek 495.953 &#8222;Kostol\u00edk&#8221; + 495.951 &#8222;Bradavica&#8221; jako poci\u0105g osobowy 8027 relacji \u0160trbsk\u00e9 Pleso &#8211; \u0160trba za 3,215 km osi\u0105gnie stacj\u0119 docelow\u0105. W tle widoczne jest pasmo Niskich Tatr. [19.05.2022]<\/p>\n<\/div>\n","protected":false},"excerpt":{"rendered":"<p>\u2026albo na z\u0119by z\u0119batki. Zestaw jednostek 495.953 &#8222;Kostol\u00edk&#8221; + 495.951 &#8222;Bradavica&#8221; jako poci\u0105g osobowy 8027 relacji \u0160trbsk\u00e9 Pleso &#8211; \u0160trba za 3,215 km osi\u0105gnie stacj\u0119 docelow\u0105. W tle widoczne jest pasmo Niskich Tatr. [19.05.2022]<\/p>\n","protected":false},"author":1,"featured_media":18644,"comment_status":"open","ping_status":"","sticky":false,"template":"","format":"standard","meta":{"footnotes":""},"categories":[2,669],"tags":[2171,4024,2169,114,173,1258,675,3024,1260,1259,1255,469],"class_list":["post-18643","post","type-post","status-publish","format-standard","has-post-thumbnail","hentry","category-kolej","category-rok-2022","tag-2022-05-19","tag-4024","tag-druga-majowka-2022","tag-gory","tag-koncowki","tag-oz","tag-slowacja","tag-stadler-gtw","tag-strbske-pleso","tag-tatransky-lieskovec","tag-zebatka","tag-zssk"],"_links":{"self":[{"href":"https:\/\/wgphoto.pl\/t\/index.php?rest_route=\/wp\/v2\/posts\/18643","targetHints":{"allow":["GET"]}}],"collection":[{"href":"https:\/\/wgphoto.pl\/t\/index.php?rest_route=\/wp\/v2\/posts"}],"about":[{"href":"https:\/\/wgphoto.pl\/t\/index.php?rest_route=\/wp\/v2\/types\/post"}],"author":[{"embeddable":true,"href":"https:\/\/wgphoto.pl\/t\/index.php?rest_route=\/wp\/v2\/users\/1"}],"replies":[{"embeddable":true,"href":"https:\/\/wgphoto.pl\/t\/index.php?rest_route=%2Fwp%2Fv2%2Fcomments&post=18643"}],"version-history":[{"count":1,"href":"https:\/\/wgphoto.pl\/t\/index.php?rest_route=\/wp\/v2\/posts\/18643\/revisions"}],"predecessor-version":[{"id":18645,"href":"https:\/\/wgphoto.pl\/t\/index.php?rest_route=\/wp\/v2\/posts\/18643\/revisions\/18645"}],"wp:featuredmedia":[{"embeddable":true,"href":"https:\/\/wgphoto.pl\/t\/index.php?rest_route=\/wp\/v2\/media\/18644"}],"wp:attachment":[{"href":"https:\/\/wgphoto.pl\/t\/index.php?rest_route=%2Fwp%2Fv2%2Fmedia&parent=18643"}],"wp:term":[{"taxonomy":"category","embeddable":true,"href":"https:\/\/wgphoto.pl\/t\/index.php?rest_route=%2Fwp%2Fv2%2Fcategories&post=18643"},{"taxonomy":"post_tag","embeddable":true,"href":"https:\/\/wgphoto.pl\/t\/index.php?rest_route=%2Fwp%2Fv2%2Ftags&post=18643"}],"curies":[{"name":"wp","href":"https:\/\/api.w.org\/{rel}","templated":true}]}}