{"id":1865,"date":"2024-10-07T16:31:03","date_gmt":"2024-10-07T14:31:03","guid":{"rendered":"https:\/\/wgphoto.pl\/t\/?p=1865"},"modified":"2024-10-07T16:31:03","modified_gmt":"2024-10-07T14:31:03","slug":"keine-wartezone","status":"publish","type":"post","link":"https:\/\/wgphoto.pl\/t\/?p=1865","title":{"rendered":"Keine Wartezone"},"content":{"rendered":"\n<figure class=\"wp-block-image aligncenter size-full\"><img loading=\"lazy\" decoding=\"async\" width=\"1200\" height=\"795\" src=\"https:\/\/wgphoto.pl\/t\/wp-content\/uploads\/2024\/10\/IMGP8030.jpg\" alt=\"\" class=\"wp-image-1867\" srcset=\"https:\/\/wgphoto.pl\/t\/wp-content\/uploads\/2024\/10\/IMGP8030.jpg 1200w, https:\/\/wgphoto.pl\/t\/wp-content\/uploads\/2024\/10\/IMGP8030-300x199.jpg 300w, https:\/\/wgphoto.pl\/t\/wp-content\/uploads\/2024\/10\/IMGP8030-768x509.jpg 768w\" sizes=\"auto, (max-width: 1200px) 100vw, 1200px\" \/><\/figure>\n\n\n\n<div class=\"wp-block-group has-global-padding is-layout-constrained wp-block-group-is-layout-constrained\">\n<p>Jako przerywnik w zdj\u0119ciach poci\u0105g\u00f3w, detal z peronu. Szwajcarzy uznali, \u017ce perony s\u0105 zbyt w\u0105skie by pomie\u015bci\u0107 potok pasa\u017cer\u00f3w wysiadaj\u0105cych i wsiadaj\u0105cych, dlatego na poci\u0105gi nale\u017cy oczekiwa\u0107 w poczekalni odgrodzonej bramkami od peron\u00f3w i dopiero po wyj\u015bciu z peronu os\u00f3b przyjezdnych bramki wej\u015bciowe na perony s\u0105 otwierane. System dzia\u0142a i nie wzbudza sprzeciwu pasa\u017cer\u00f3w, ale nie ma si\u0119 czemu dziwi\u0107 &#8211; w ko\u0144cu to Szwajcaria. Przy okazji warto zwr\u00f3ci\u0107 uwag\u0119 na wysuwane schodki na niskiej i wysokiej pod\u0142odze. Zerowej przerwy mi\u0119dzy schodkiem a peronem nie trzeba nawet por\u00f3wnywa\u0107 do tego co mo\u017cna zaobserwowa\u0107 w Polsce\u2026 24.03.2018<\/p>\n<\/div>\n","protected":false},"excerpt":{"rendered":"<p>Jako przerywnik w zdj\u0119ciach poci\u0105g\u00f3w, detal z peronu. Szwajcarzy uznali, \u017ce perony s\u0105 zbyt w\u0105skie by pomie\u015bci\u0107 potok pasa\u017cer\u00f3w wysiadaj\u0105cych i wsiadaj\u0105cych, dlatego na poci\u0105gi nale\u017cy oczekiwa\u0107 w poczekalni odgrodzonej bramkami od peron\u00f3w i dopiero po wyj\u015bciu z peronu os\u00f3b przyjezdnych bramki wej\u015bciowe na perony s\u0105 otwierane. System dzia\u0142a i nie wzbudza sprzeciwu pasa\u017cer\u00f3w, ale [&hellip;]<\/p>\n","protected":false},"author":1,"featured_media":1867,"comment_status":"open","ping_status":"","sticky":false,"template":"","format":"standard","meta":{"footnotes":""},"categories":[220,156],"tags":[396,393,230,976,183,186,15],"class_list":["post-1865","post","type-post","status-publish","format-standard","has-post-thumbnail","hentry","category-blo","category-rok-2018","tag-2018-03-24","tag-berno","tag-infrastruktura","tag-rbs","tag-suissetrip-2018","tag-szwajcaria","tag-tunel"],"_links":{"self":[{"href":"https:\/\/wgphoto.pl\/t\/index.php?rest_route=\/wp\/v2\/posts\/1865","targetHints":{"allow":["GET"]}}],"collection":[{"href":"https:\/\/wgphoto.pl\/t\/index.php?rest_route=\/wp\/v2\/posts"}],"about":[{"href":"https:\/\/wgphoto.pl\/t\/index.php?rest_route=\/wp\/v2\/types\/post"}],"author":[{"embeddable":true,"href":"https:\/\/wgphoto.pl\/t\/index.php?rest_route=\/wp\/v2\/users\/1"}],"replies":[{"embeddable":true,"href":"https:\/\/wgphoto.pl\/t\/index.php?rest_route=%2Fwp%2Fv2%2Fcomments&post=1865"}],"version-history":[{"count":1,"href":"https:\/\/wgphoto.pl\/t\/index.php?rest_route=\/wp\/v2\/posts\/1865\/revisions"}],"predecessor-version":[{"id":1868,"href":"https:\/\/wgphoto.pl\/t\/index.php?rest_route=\/wp\/v2\/posts\/1865\/revisions\/1868"}],"wp:featuredmedia":[{"embeddable":true,"href":"https:\/\/wgphoto.pl\/t\/index.php?rest_route=\/wp\/v2\/media\/1867"}],"wp:attachment":[{"href":"https:\/\/wgphoto.pl\/t\/index.php?rest_route=%2Fwp%2Fv2%2Fmedia&parent=1865"}],"wp:term":[{"taxonomy":"category","embeddable":true,"href":"https:\/\/wgphoto.pl\/t\/index.php?rest_route=%2Fwp%2Fv2%2Fcategories&post=1865"},{"taxonomy":"post_tag","embeddable":true,"href":"https:\/\/wgphoto.pl\/t\/index.php?rest_route=%2Fwp%2Fv2%2Ftags&post=1865"}],"curies":[{"name":"wp","href":"https:\/\/api.w.org\/{rel}","templated":true}]}}