{"id":18655,"date":"2025-06-13T18:52:32","date_gmt":"2025-06-13T16:52:32","guid":{"rendered":"https:\/\/wgphoto.pl\/t\/?p=18655"},"modified":"2025-06-13T18:52:32","modified_gmt":"2025-06-13T16:52:32","slug":"svetozor","status":"publish","type":"post","link":"https:\/\/wgphoto.pl\/t\/?p=18655","title":{"rendered":"Sv\u011btozor"},"content":{"rendered":"\n<figure class=\"wp-block-image aligncenter size-full\"><img loading=\"lazy\" decoding=\"async\" width=\"1300\" height=\"861\" src=\"https:\/\/wgphoto.pl\/t\/wp-content\/uploads\/2025\/06\/IMGP6770-1.jpg\" alt=\"\" class=\"wp-image-18656\" srcset=\"https:\/\/wgphoto.pl\/t\/wp-content\/uploads\/2025\/06\/IMGP6770-1.jpg 1300w, https:\/\/wgphoto.pl\/t\/wp-content\/uploads\/2025\/06\/IMGP6770-1-300x199.jpg 300w, https:\/\/wgphoto.pl\/t\/wp-content\/uploads\/2025\/06\/IMGP6770-1-768x509.jpg 768w\" sizes=\"auto, (max-width: 1300px) 100vw, 1300px\" \/><\/figure>\n\n\n\n<div class=\"wp-block-group has-global-padding is-layout-constrained wp-block-group-is-layout-constrained\">\n<p>Praga, ul. Vodi\u010dkova. \u0160koda 15T 9386 zatrzyma\u0142a si\u0119 na przystanku pod kinem i pasa\u017cem o tytu\u0142owej nazwie. [26.03.2022]<\/p>\n<\/div>\n","protected":false},"excerpt":{"rendered":"<p>Praga, ul. Vodi\u010dkova. \u0160koda 15T 9386 zatrzyma\u0142a si\u0119 na przystanku pod kinem i pasa\u017cem o tytu\u0142owej nazwie. [26.03.2022]<\/p>\n","protected":false},"author":1,"featured_media":18656,"comment_status":"open","ping_status":"","sticky":false,"template":"","format":"standard","meta":{"footnotes":""},"categories":[669,3],"tags":[2778,49,1049,154,52,95,90],"class_list":["post-18655","post","type-post","status-publish","format-standard","has-post-thumbnail","hentry","category-rok-2022","category-tramwaj","tag-2022-03-26","tag-czechy","tag-dp-praha","tag-noc","tag-praga","tag-skoda-15t","tag-wieczorem"],"_links":{"self":[{"href":"https:\/\/wgphoto.pl\/t\/index.php?rest_route=\/wp\/v2\/posts\/18655","targetHints":{"allow":["GET"]}}],"collection":[{"href":"https:\/\/wgphoto.pl\/t\/index.php?rest_route=\/wp\/v2\/posts"}],"about":[{"href":"https:\/\/wgphoto.pl\/t\/index.php?rest_route=\/wp\/v2\/types\/post"}],"author":[{"embeddable":true,"href":"https:\/\/wgphoto.pl\/t\/index.php?rest_route=\/wp\/v2\/users\/1"}],"replies":[{"embeddable":true,"href":"https:\/\/wgphoto.pl\/t\/index.php?rest_route=%2Fwp%2Fv2%2Fcomments&post=18655"}],"version-history":[{"count":1,"href":"https:\/\/wgphoto.pl\/t\/index.php?rest_route=\/wp\/v2\/posts\/18655\/revisions"}],"predecessor-version":[{"id":18657,"href":"https:\/\/wgphoto.pl\/t\/index.php?rest_route=\/wp\/v2\/posts\/18655\/revisions\/18657"}],"wp:featuredmedia":[{"embeddable":true,"href":"https:\/\/wgphoto.pl\/t\/index.php?rest_route=\/wp\/v2\/media\/18656"}],"wp:attachment":[{"href":"https:\/\/wgphoto.pl\/t\/index.php?rest_route=%2Fwp%2Fv2%2Fmedia&parent=18655"}],"wp:term":[{"taxonomy":"category","embeddable":true,"href":"https:\/\/wgphoto.pl\/t\/index.php?rest_route=%2Fwp%2Fv2%2Fcategories&post=18655"},{"taxonomy":"post_tag","embeddable":true,"href":"https:\/\/wgphoto.pl\/t\/index.php?rest_route=%2Fwp%2Fv2%2Ftags&post=18655"}],"curies":[{"name":"wp","href":"https:\/\/api.w.org\/{rel}","templated":true}]}}