{"id":18659,"date":"2025-06-15T11:18:35","date_gmt":"2025-06-15T09:18:35","guid":{"rendered":"https:\/\/wgphoto.pl\/t\/?p=18659"},"modified":"2025-06-15T11:18:35","modified_gmt":"2025-06-15T09:18:35","slug":"dasa-2","status":"publish","type":"post","link":"https:\/\/wgphoto.pl\/t\/?p=18659","title":{"rendered":"D\u00e1\u0161a"},"content":{"rendered":"\n<figure class=\"wp-block-image aligncenter size-full\"><img loading=\"lazy\" decoding=\"async\" width=\"1300\" height=\"870\" src=\"https:\/\/wgphoto.pl\/t\/wp-content\/uploads\/2025\/06\/IMGP7742.jpg\" alt=\"\" class=\"wp-image-18660\" srcset=\"https:\/\/wgphoto.pl\/t\/wp-content\/uploads\/2025\/06\/IMGP7742.jpg 1300w, https:\/\/wgphoto.pl\/t\/wp-content\/uploads\/2025\/06\/IMGP7742-300x201.jpg 300w, https:\/\/wgphoto.pl\/t\/wp-content\/uploads\/2025\/06\/IMGP7742-768x514.jpg 768w\" sizes=\"auto, (max-width: 1300px) 100vw, 1300px\" \/><\/figure>\n\n\n\n<div class=\"wp-block-group has-global-padding is-layout-constrained wp-block-group-is-layout-constrained\">\n<p>263.002-8, jedna z dw\u00f3ch maszyn tej serii w Czechach, zatrzyma\u0142a si\u0119 w peronach Brna hl.n., najprawdopodobniej z poci\u0105giem osobowym 4620 relacji B\u0159eclav &#8211; Ti\u0161nov. Poniewa\u017c lokomotywa nosi obecnie inne barwy, mo\u017cna wyci\u0105gn\u0105\u0107 z dysku takiego knota. 14.10.2010<\/p>\n<\/div>\n","protected":false},"excerpt":{"rendered":"<p>263.002-8, jedna z dw\u00f3ch maszyn tej serii w Czechach, zatrzyma\u0142a si\u0119 w peronach Brna hl.n., najprawdopodobniej z poci\u0105giem osobowym 4620 relacji B\u0159eclav &#8211; Ti\u0161nov. Poniewa\u017c lokomotywa nosi obecnie inne barwy, mo\u017cna wyci\u0105gn\u0105\u0107 z dysku takiego knota. 14.10.2010<\/p>\n","protected":false},"author":1,"featured_media":18660,"comment_status":"open","ping_status":"","sticky":false,"template":"","format":"standard","meta":{"footnotes":""},"categories":[2,86],"tags":[4026,2583,328,327,50,49,24,2366],"class_list":["post-18659","post","type-post","status-publish","format-standard","has-post-thumbnail","hentry","category-kolej","category-rok-2010","tag-2010-10-14","tag-2583","tag-brno","tag-brno-hlavni-nadrazi","tag-cd","tag-czechy","tag-perony","tag-tab-cz250"],"_links":{"self":[{"href":"https:\/\/wgphoto.pl\/t\/index.php?rest_route=\/wp\/v2\/posts\/18659","targetHints":{"allow":["GET"]}}],"collection":[{"href":"https:\/\/wgphoto.pl\/t\/index.php?rest_route=\/wp\/v2\/posts"}],"about":[{"href":"https:\/\/wgphoto.pl\/t\/index.php?rest_route=\/wp\/v2\/types\/post"}],"author":[{"embeddable":true,"href":"https:\/\/wgphoto.pl\/t\/index.php?rest_route=\/wp\/v2\/users\/1"}],"replies":[{"embeddable":true,"href":"https:\/\/wgphoto.pl\/t\/index.php?rest_route=%2Fwp%2Fv2%2Fcomments&post=18659"}],"version-history":[{"count":1,"href":"https:\/\/wgphoto.pl\/t\/index.php?rest_route=\/wp\/v2\/posts\/18659\/revisions"}],"predecessor-version":[{"id":18661,"href":"https:\/\/wgphoto.pl\/t\/index.php?rest_route=\/wp\/v2\/posts\/18659\/revisions\/18661"}],"wp:featuredmedia":[{"embeddable":true,"href":"https:\/\/wgphoto.pl\/t\/index.php?rest_route=\/wp\/v2\/media\/18660"}],"wp:attachment":[{"href":"https:\/\/wgphoto.pl\/t\/index.php?rest_route=%2Fwp%2Fv2%2Fmedia&parent=18659"}],"wp:term":[{"taxonomy":"category","embeddable":true,"href":"https:\/\/wgphoto.pl\/t\/index.php?rest_route=%2Fwp%2Fv2%2Fcategories&post=18659"},{"taxonomy":"post_tag","embeddable":true,"href":"https:\/\/wgphoto.pl\/t\/index.php?rest_route=%2Fwp%2Fv2%2Ftags&post=18659"}],"curies":[{"name":"wp","href":"https:\/\/api.w.org\/{rel}","templated":true}]}}