{"id":18665,"date":"2025-06-15T11:20:20","date_gmt":"2025-06-15T09:20:20","guid":{"rendered":"https:\/\/wgphoto.pl\/t\/?p=18665"},"modified":"2025-06-15T11:20:20","modified_gmt":"2025-06-15T09:20:20","slug":"m97-70","status":"publish","type":"post","link":"https:\/\/wgphoto.pl\/t\/?p=18665","title":{"rendered":"M97 70"},"content":{"rendered":"\n<figure class=\"wp-block-image aligncenter size-full\"><img loading=\"lazy\" decoding=\"async\" width=\"1125\" height=\"900\" src=\"https:\/\/wgphoto.pl\/t\/wp-content\/uploads\/2025\/06\/IMGP5531.jpg\" alt=\"\" class=\"wp-image-18666\" srcset=\"https:\/\/wgphoto.pl\/t\/wp-content\/uploads\/2025\/06\/IMGP5531.jpg 1125w, https:\/\/wgphoto.pl\/t\/wp-content\/uploads\/2025\/06\/IMGP5531-300x240.jpg 300w, https:\/\/wgphoto.pl\/t\/wp-content\/uploads\/2025\/06\/IMGP5531-768x614.jpg 768w\" sizes=\"auto, (max-width: 1125px) 100vw, 1125px\" \/><\/figure>\n\n\n\n<div class=\"wp-block-group has-global-padding is-layout-constrained wp-block-group-is-layout-constrained\">\n<p>Norrk\u00f6ping, Stationsrondellen, wagon GT8 (miejscowe oznaczenie M97) nr 70 (ex-Duisburg 3070). Pojazd z roku 1966 na P\u00f3\u0142nocy zosta\u0142 nieco zmodernizowany i podobnie\u017c kursuje w ruchu liniowym do dzi\u015b. 06.12.2011<\/p>\n<\/div>\n","protected":false},"excerpt":{"rendered":"<p>Norrk\u00f6ping, Stationsrondellen, wagon GT8 (miejscowe oznaczenie M97) nr 70 (ex-Duisburg 3070). Pojazd z roku 1966 na P\u00f3\u0142nocy zosta\u0142 nieco zmodernizowany i podobnie\u017c kursuje w ruchu liniowym do dzi\u015b. 06.12.2011<\/p>\n","protected":false},"author":1,"featured_media":18666,"comment_status":"open","ping_status":"","sticky":false,"template":"","format":"standard","meta":{"footnotes":""},"categories":[77,3],"tags":[1786,238,1783,1784,380,1491,685],"class_list":["post-18665","post","type-post","status-publish","format-standard","has-post-thumbnail","hentry","category-rok-2011","category-tramwaj","tag-2011-12-06","tag-gt8","tag-norrkoping","tag-ns-norrkoping","tag-spod-dworca","tag-swiateczne-akcenty","tag-szwecja"],"_links":{"self":[{"href":"https:\/\/wgphoto.pl\/t\/index.php?rest_route=\/wp\/v2\/posts\/18665","targetHints":{"allow":["GET"]}}],"collection":[{"href":"https:\/\/wgphoto.pl\/t\/index.php?rest_route=\/wp\/v2\/posts"}],"about":[{"href":"https:\/\/wgphoto.pl\/t\/index.php?rest_route=\/wp\/v2\/types\/post"}],"author":[{"embeddable":true,"href":"https:\/\/wgphoto.pl\/t\/index.php?rest_route=\/wp\/v2\/users\/1"}],"replies":[{"embeddable":true,"href":"https:\/\/wgphoto.pl\/t\/index.php?rest_route=%2Fwp%2Fv2%2Fcomments&post=18665"}],"version-history":[{"count":1,"href":"https:\/\/wgphoto.pl\/t\/index.php?rest_route=\/wp\/v2\/posts\/18665\/revisions"}],"predecessor-version":[{"id":18667,"href":"https:\/\/wgphoto.pl\/t\/index.php?rest_route=\/wp\/v2\/posts\/18665\/revisions\/18667"}],"wp:featuredmedia":[{"embeddable":true,"href":"https:\/\/wgphoto.pl\/t\/index.php?rest_route=\/wp\/v2\/media\/18666"}],"wp:attachment":[{"href":"https:\/\/wgphoto.pl\/t\/index.php?rest_route=%2Fwp%2Fv2%2Fmedia&parent=18665"}],"wp:term":[{"taxonomy":"category","embeddable":true,"href":"https:\/\/wgphoto.pl\/t\/index.php?rest_route=%2Fwp%2Fv2%2Fcategories&post=18665"},{"taxonomy":"post_tag","embeddable":true,"href":"https:\/\/wgphoto.pl\/t\/index.php?rest_route=%2Fwp%2Fv2%2Ftags&post=18665"}],"curies":[{"name":"wp","href":"https:\/\/api.w.org\/{rel}","templated":true}]}}