{"id":18675,"date":"2025-06-15T11:23:50","date_gmt":"2025-06-15T09:23:50","guid":{"rendered":"https:\/\/wgphoto.pl\/t\/?p=18675"},"modified":"2025-06-15T11:23:50","modified_gmt":"2025-06-15T09:23:50","slug":"podwojna-atrakcja","status":"publish","type":"post","link":"https:\/\/wgphoto.pl\/t\/?p=18675","title":{"rendered":"Podw\u00f3jna (a)trakcja"},"content":{"rendered":"\n<figure class=\"wp-block-image aligncenter size-full\"><img loading=\"lazy\" decoding=\"async\" width=\"1300\" height=\"862\" src=\"https:\/\/wgphoto.pl\/t\/wp-content\/uploads\/2025\/06\/0229-17a.jpg\" alt=\"\" class=\"wp-image-18676\" srcset=\"https:\/\/wgphoto.pl\/t\/wp-content\/uploads\/2025\/06\/0229-17a.jpg 1300w, https:\/\/wgphoto.pl\/t\/wp-content\/uploads\/2025\/06\/0229-17a-300x199.jpg 300w, https:\/\/wgphoto.pl\/t\/wp-content\/uploads\/2025\/06\/0229-17a-768x509.jpg 768w\" sizes=\"auto, (max-width: 1300px) 100vw, 1300px\" \/><\/figure>\n\n\n\n<div class=\"wp-block-group has-global-padding is-layout-constrained wp-block-group-is-layout-constrained\">\n<p>EU07-102 i 176 prowadz\u0105c poci\u0105g IR454\/60003 relacji Wroc\u0142aw G\u0142. &#8211; Dresden Hbf mijaj\u0105 sk\u0142ad towarowy z ET22-385 na czele. Wroc\u0142aw Le\u015bnica 08.12.2002<\/p>\n<\/div>\n","protected":false},"excerpt":{"rendered":"<p>EU07-102 i 176 prowadz\u0105c poci\u0105g IR454\/60003 relacji Wroc\u0142aw G\u0142. &#8211; Dresden Hbf mijaj\u0105 sk\u0142ad towarowy z ET22-385 na czele. Wroc\u0142aw Le\u015bnica 08.12.2002<\/p>\n","protected":false},"author":1,"featured_media":18676,"comment_status":"open","ping_status":"","sticky":false,"template":"","format":"standard","meta":{"footnotes":""},"categories":[62,2,577],"tags":[4029,26,122,63,27,233,41,926],"class_list":["post-18675","post","type-post","status-publish","format-standard","has-post-thumbnail","hentry","category-analog","category-kolej","category-rok-2002","tag-2002-12-08","tag-et22","tag-eu07","tag-pkp","tag-polska","tag-tab-pl260","tag-wroclaw","tag-wroclaw-lesnica"],"_links":{"self":[{"href":"https:\/\/wgphoto.pl\/t\/index.php?rest_route=\/wp\/v2\/posts\/18675","targetHints":{"allow":["GET"]}}],"collection":[{"href":"https:\/\/wgphoto.pl\/t\/index.php?rest_route=\/wp\/v2\/posts"}],"about":[{"href":"https:\/\/wgphoto.pl\/t\/index.php?rest_route=\/wp\/v2\/types\/post"}],"author":[{"embeddable":true,"href":"https:\/\/wgphoto.pl\/t\/index.php?rest_route=\/wp\/v2\/users\/1"}],"replies":[{"embeddable":true,"href":"https:\/\/wgphoto.pl\/t\/index.php?rest_route=%2Fwp%2Fv2%2Fcomments&post=18675"}],"version-history":[{"count":1,"href":"https:\/\/wgphoto.pl\/t\/index.php?rest_route=\/wp\/v2\/posts\/18675\/revisions"}],"predecessor-version":[{"id":18677,"href":"https:\/\/wgphoto.pl\/t\/index.php?rest_route=\/wp\/v2\/posts\/18675\/revisions\/18677"}],"wp:featuredmedia":[{"embeddable":true,"href":"https:\/\/wgphoto.pl\/t\/index.php?rest_route=\/wp\/v2\/media\/18676"}],"wp:attachment":[{"href":"https:\/\/wgphoto.pl\/t\/index.php?rest_route=%2Fwp%2Fv2%2Fmedia&parent=18675"}],"wp:term":[{"taxonomy":"category","embeddable":true,"href":"https:\/\/wgphoto.pl\/t\/index.php?rest_route=%2Fwp%2Fv2%2Fcategories&post=18675"},{"taxonomy":"post_tag","embeddable":true,"href":"https:\/\/wgphoto.pl\/t\/index.php?rest_route=%2Fwp%2Fv2%2Ftags&post=18675"}],"curies":[{"name":"wp","href":"https:\/\/api.w.org\/{rel}","templated":true}]}}