{"id":18678,"date":"2025-06-15T11:24:42","date_gmt":"2025-06-15T09:24:42","guid":{"rendered":"https:\/\/wgphoto.pl\/t\/?p=18678"},"modified":"2025-06-15T11:24:42","modified_gmt":"2025-06-15T09:24:42","slug":"szary-wilk","status":"publish","type":"post","link":"https:\/\/wgphoto.pl\/t\/?p=18678","title":{"rendered":"Szary wilk"},"content":{"rendered":"\n<figure class=\"wp-block-image aligncenter size-full\"><img loading=\"lazy\" decoding=\"async\" width=\"1300\" height=\"861\" src=\"https:\/\/wgphoto.pl\/t\/wp-content\/uploads\/2025\/06\/IMGP6768.jpg\" alt=\"\" class=\"wp-image-18679\" srcset=\"https:\/\/wgphoto.pl\/t\/wp-content\/uploads\/2025\/06\/IMGP6768.jpg 1300w, https:\/\/wgphoto.pl\/t\/wp-content\/uploads\/2025\/06\/IMGP6768-300x199.jpg 300w, https:\/\/wgphoto.pl\/t\/wp-content\/uploads\/2025\/06\/IMGP6768-768x509.jpg 768w\" sizes=\"auto, (max-width: 1300px) 100vw, 1300px\" \/><\/figure>\n\n\n\n<div class=\"wp-block-group has-global-padding is-layout-constrained wp-block-group-is-layout-constrained\">\n<p>560.027-5 o imieniu <em>\u0160ed\u00fd vlk<\/em> prowdzi poci\u0105g osobowy 4723 relacji Letovice &#8211; Brno hl.n., kt\u00f3ry par\u0119 minut temu wyjecha\u0142 z Blanska. Seria 560 zosta\u0142a ju\u017c wycofana z ruchu. 07.11.2019<\/p>\n<\/div>\n","protected":false},"excerpt":{"rendered":"<p>560.027-5 o imieniu \u0160ed\u00fd vlk prowdzi poci\u0105g osobowy 4723 relacji Letovice &#8211; Brno hl.n., kt\u00f3ry par\u0119 minut temu wyjecha\u0142 z Blanska. Seria 560 zosta\u0142a ju\u017c wycofana z ruchu. 07.11.2019<\/p>\n","protected":false},"author":1,"featured_media":18679,"comment_status":"open","ping_status":"","sticky":false,"template":"","format":"standard","meta":{"footnotes":""},"categories":[2,136],"tags":[1361,885,1360,883,50,49,884,15],"class_list":["post-18678","post","type-post","status-publish","format-standard","has-post-thumbnail","hentry","category-kolej","category-rok-2019","tag-2019-11-07","tag-885","tag-adamov","tag-blansko","tag-cd","tag-czechy","tag-tab-cz260","tag-tunel"],"_links":{"self":[{"href":"https:\/\/wgphoto.pl\/t\/index.php?rest_route=\/wp\/v2\/posts\/18678","targetHints":{"allow":["GET"]}}],"collection":[{"href":"https:\/\/wgphoto.pl\/t\/index.php?rest_route=\/wp\/v2\/posts"}],"about":[{"href":"https:\/\/wgphoto.pl\/t\/index.php?rest_route=\/wp\/v2\/types\/post"}],"author":[{"embeddable":true,"href":"https:\/\/wgphoto.pl\/t\/index.php?rest_route=\/wp\/v2\/users\/1"}],"replies":[{"embeddable":true,"href":"https:\/\/wgphoto.pl\/t\/index.php?rest_route=%2Fwp%2Fv2%2Fcomments&post=18678"}],"version-history":[{"count":1,"href":"https:\/\/wgphoto.pl\/t\/index.php?rest_route=\/wp\/v2\/posts\/18678\/revisions"}],"predecessor-version":[{"id":18680,"href":"https:\/\/wgphoto.pl\/t\/index.php?rest_route=\/wp\/v2\/posts\/18678\/revisions\/18680"}],"wp:featuredmedia":[{"embeddable":true,"href":"https:\/\/wgphoto.pl\/t\/index.php?rest_route=\/wp\/v2\/media\/18679"}],"wp:attachment":[{"href":"https:\/\/wgphoto.pl\/t\/index.php?rest_route=%2Fwp%2Fv2%2Fmedia&parent=18678"}],"wp:term":[{"taxonomy":"category","embeddable":true,"href":"https:\/\/wgphoto.pl\/t\/index.php?rest_route=%2Fwp%2Fv2%2Fcategories&post=18678"},{"taxonomy":"post_tag","embeddable":true,"href":"https:\/\/wgphoto.pl\/t\/index.php?rest_route=%2Fwp%2Fv2%2Ftags&post=18678"}],"curies":[{"name":"wp","href":"https:\/\/api.w.org\/{rel}","templated":true}]}}