{"id":18681,"date":"2025-06-15T11:27:43","date_gmt":"2025-06-15T09:27:43","guid":{"rendered":"https:\/\/wgphoto.pl\/t\/?p=18681"},"modified":"2025-06-15T11:38:08","modified_gmt":"2025-06-15T09:38:08","slug":"troche-nasypalo-i-wciaz-sypie","status":"publish","type":"post","link":"https:\/\/wgphoto.pl\/t\/?p=18681","title":{"rendered":"Troch\u0119 nasypa\u0142o i wci\u0105\u017c sypie"},"content":{"rendered":"\n<figure class=\"wp-block-image aligncenter size-full\"><img loading=\"lazy\" decoding=\"async\" width=\"1300\" height=\"862\" src=\"https:\/\/wgphoto.pl\/t\/wp-content\/uploads\/2025\/06\/0534-04.jpg\" alt=\"\" class=\"wp-image-18682\" srcset=\"https:\/\/wgphoto.pl\/t\/wp-content\/uploads\/2025\/06\/0534-04.jpg 1300w, https:\/\/wgphoto.pl\/t\/wp-content\/uploads\/2025\/06\/0534-04-300x199.jpg 300w, https:\/\/wgphoto.pl\/t\/wp-content\/uploads\/2025\/06\/0534-04-768x509.jpg 768w\" sizes=\"auto, (max-width: 1300px) 100vw, 1300px\" \/><\/figure>\n\n\n\n<div class=\"wp-block-group has-global-padding is-layout-constrained wp-block-group-is-layout-constrained\">\n<p>EN57-063 (z prawej) i 056 (z lewej) w \u015bnie\u017cny poranek na stacji Wis\u0142a G\u0142\u0119bce. 30.12.2005<\/p>\n<\/div>\n","protected":false},"excerpt":{"rendered":"<p>EN57-063 (z prawej) i 056 (z lewej) w \u015bnie\u017cny poranek na stacji Wis\u0142a G\u0142\u0119bce. 30.12.2005<\/p>\n","protected":false},"author":1,"featured_media":18682,"comment_status":"open","ping_status":"","sticky":false,"template":"","format":"standard","meta":{"footnotes":""},"categories":[62,2,311],"tags":[2348,132,173,63,27,44,2347,2533],"class_list":["post-18681","post","type-post","status-publish","format-standard","has-post-thumbnail","hentry","category-analog","category-kolej","category-rok-2005","tag-2005-12-30","tag-en57","tag-koncowki","tag-pkp","tag-polska","tag-snieg","tag-tab-pl146","tag-wisla-glebce-2"],"_links":{"self":[{"href":"https:\/\/wgphoto.pl\/t\/index.php?rest_route=\/wp\/v2\/posts\/18681","targetHints":{"allow":["GET"]}}],"collection":[{"href":"https:\/\/wgphoto.pl\/t\/index.php?rest_route=\/wp\/v2\/posts"}],"about":[{"href":"https:\/\/wgphoto.pl\/t\/index.php?rest_route=\/wp\/v2\/types\/post"}],"author":[{"embeddable":true,"href":"https:\/\/wgphoto.pl\/t\/index.php?rest_route=\/wp\/v2\/users\/1"}],"replies":[{"embeddable":true,"href":"https:\/\/wgphoto.pl\/t\/index.php?rest_route=%2Fwp%2Fv2%2Fcomments&post=18681"}],"version-history":[{"count":1,"href":"https:\/\/wgphoto.pl\/t\/index.php?rest_route=\/wp\/v2\/posts\/18681\/revisions"}],"predecessor-version":[{"id":18683,"href":"https:\/\/wgphoto.pl\/t\/index.php?rest_route=\/wp\/v2\/posts\/18681\/revisions\/18683"}],"wp:featuredmedia":[{"embeddable":true,"href":"https:\/\/wgphoto.pl\/t\/index.php?rest_route=\/wp\/v2\/media\/18682"}],"wp:attachment":[{"href":"https:\/\/wgphoto.pl\/t\/index.php?rest_route=%2Fwp%2Fv2%2Fmedia&parent=18681"}],"wp:term":[{"taxonomy":"category","embeddable":true,"href":"https:\/\/wgphoto.pl\/t\/index.php?rest_route=%2Fwp%2Fv2%2Fcategories&post=18681"},{"taxonomy":"post_tag","embeddable":true,"href":"https:\/\/wgphoto.pl\/t\/index.php?rest_route=%2Fwp%2Fv2%2Ftags&post=18681"}],"curies":[{"name":"wp","href":"https:\/\/api.w.org\/{rel}","templated":true}]}}