{"id":18687,"date":"2025-06-15T11:29:26","date_gmt":"2025-06-15T09:29:26","guid":{"rendered":"https:\/\/wgphoto.pl\/t\/?p=18687"},"modified":"2025-06-15T11:29:26","modified_gmt":"2025-06-15T09:29:26","slug":"eu07-171","status":"publish","type":"post","link":"https:\/\/wgphoto.pl\/t\/?p=18687","title":{"rendered":"EU07-171"},"content":{"rendered":"\n<figure class=\"wp-block-image aligncenter size-full\"><img loading=\"lazy\" decoding=\"async\" width=\"1300\" height=\"862\" src=\"https:\/\/wgphoto.pl\/t\/wp-content\/uploads\/2025\/06\/0230-18.jpg\" alt=\"\" class=\"wp-image-18688\" srcset=\"https:\/\/wgphoto.pl\/t\/wp-content\/uploads\/2025\/06\/0230-18.jpg 1300w, https:\/\/wgphoto.pl\/t\/wp-content\/uploads\/2025\/06\/0230-18-300x199.jpg 300w, https:\/\/wgphoto.pl\/t\/wp-content\/uploads\/2025\/06\/0230-18-768x509.jpg 768w\" sizes=\"auto, (max-width: 1300px) 100vw, 1300px\" \/><\/figure>\n\n\n\n<div class=\"wp-block-group has-global-padding is-layout-constrained wp-block-group-is-layout-constrained\">\n<p>EU07-171 z CM Krak\u00f3w z poci\u0105giem pospiesznym 26104 &#8222;Hetman&#8221; z Zamo\u015bcia do Wroc\u0142awia przemierza odcinek K\u0142aj &#8211; Szar\u00f3w. 23.12.2002<\/p>\n<\/div>\n","protected":false},"excerpt":{"rendered":"<p>EU07-171 z CM Krak\u00f3w z poci\u0105giem pospiesznym 26104 &#8222;Hetman&#8221; z Zamo\u015bcia do Wroc\u0142awia przemierza odcinek K\u0142aj &#8211; Szar\u00f3w. 23.12.2002<\/p>\n","protected":false},"author":1,"featured_media":18688,"comment_status":"open","ping_status":"","sticky":false,"template":"","format":"standard","meta":{"footnotes":""},"categories":[62,2,577],"tags":[848,122,2369,63,27,44,2368,2225],"class_list":["post-18687","post","type-post","status-publish","format-standard","has-post-thumbnail","hentry","category-analog","category-kolej","category-rok-2002","tag-2002-12-23","tag-eu07","tag-klaj","tag-pkp","tag-polska","tag-snieg","tag-szarow","tag-tab-pl120"],"_links":{"self":[{"href":"https:\/\/wgphoto.pl\/t\/index.php?rest_route=\/wp\/v2\/posts\/18687","targetHints":{"allow":["GET"]}}],"collection":[{"href":"https:\/\/wgphoto.pl\/t\/index.php?rest_route=\/wp\/v2\/posts"}],"about":[{"href":"https:\/\/wgphoto.pl\/t\/index.php?rest_route=\/wp\/v2\/types\/post"}],"author":[{"embeddable":true,"href":"https:\/\/wgphoto.pl\/t\/index.php?rest_route=\/wp\/v2\/users\/1"}],"replies":[{"embeddable":true,"href":"https:\/\/wgphoto.pl\/t\/index.php?rest_route=%2Fwp%2Fv2%2Fcomments&post=18687"}],"version-history":[{"count":1,"href":"https:\/\/wgphoto.pl\/t\/index.php?rest_route=\/wp\/v2\/posts\/18687\/revisions"}],"predecessor-version":[{"id":18689,"href":"https:\/\/wgphoto.pl\/t\/index.php?rest_route=\/wp\/v2\/posts\/18687\/revisions\/18689"}],"wp:featuredmedia":[{"embeddable":true,"href":"https:\/\/wgphoto.pl\/t\/index.php?rest_route=\/wp\/v2\/media\/18688"}],"wp:attachment":[{"href":"https:\/\/wgphoto.pl\/t\/index.php?rest_route=%2Fwp%2Fv2%2Fmedia&parent=18687"}],"wp:term":[{"taxonomy":"category","embeddable":true,"href":"https:\/\/wgphoto.pl\/t\/index.php?rest_route=%2Fwp%2Fv2%2Fcategories&post=18687"},{"taxonomy":"post_tag","embeddable":true,"href":"https:\/\/wgphoto.pl\/t\/index.php?rest_route=%2Fwp%2Fv2%2Ftags&post=18687"}],"curies":[{"name":"wp","href":"https:\/\/api.w.org\/{rel}","templated":true}]}}