{"id":18699,"date":"2025-06-15T11:33:16","date_gmt":"2025-06-15T09:33:16","guid":{"rendered":"https:\/\/wgphoto.pl\/t\/?p=18699"},"modified":"2025-06-15T11:33:16","modified_gmt":"2025-06-15T09:33:16","slug":"tramwajem-przez-winnice","status":"publish","type":"post","link":"https:\/\/wgphoto.pl\/t\/?p=18699","title":{"rendered":"Tramwajem przez winnice"},"content":{"rendered":"\n<figure class=\"wp-block-image aligncenter size-full\"><img loading=\"lazy\" decoding=\"async\" width=\"1300\" height=\"861\" src=\"https:\/\/wgphoto.pl\/t\/wp-content\/uploads\/2025\/06\/IMGP9412-1.jpg\" alt=\"\" class=\"wp-image-18700\" srcset=\"https:\/\/wgphoto.pl\/t\/wp-content\/uploads\/2025\/06\/IMGP9412-1.jpg 1300w, https:\/\/wgphoto.pl\/t\/wp-content\/uploads\/2025\/06\/IMGP9412-1-300x199.jpg 300w, https:\/\/wgphoto.pl\/t\/wp-content\/uploads\/2025\/06\/IMGP9412-1-768x509.jpg 768w\" sizes=\"auto, (max-width: 1300px) 100vw, 1300px\" \/><\/figure>\n\n\n\n<div class=\"wp-block-group has-global-padding is-layout-constrained wp-block-group-is-layout-constrained\">\n<p>Duewag 8MGT 1042 jedzie podmiejsk\u0105 tras\u0105 z Bad D\u00fcrkheim do Ludwigshafen, wiod\u0105c\u0105 przez liczne winnice. Za chwil\u0119 zatrzyma si\u0119 na pierwszym przystanku w Ellerstadt. 24.08.2022<\/p>\n<\/div>\n","protected":false},"excerpt":{"rendered":"<p>Duewag 8MGT 1042 jedzie podmiejsk\u0105 tras\u0105 z Bad D\u00fcrkheim do Ludwigshafen, wiod\u0105c\u0105 przez liczne winnice. Za chwil\u0119 zatrzyma si\u0119 na pierwszym przystanku w Ellerstadt. 24.08.2022<\/p>\n","protected":false},"author":1,"featured_media":18700,"comment_status":"open","ping_status":"","sticky":false,"template":"","format":"standard","meta":{"footnotes":""},"categories":[669,3],"tags":[3886,1282,4033,23,4032,3698,561],"class_list":["post-18699","post","type-post","status-publish","format-standard","has-post-thumbnail","hentry","category-rok-2022","category-tramwaj","tag-2022-08-24","tag-9-euro-ticket-2022","tag-ellerstadt","tag-niemcy","tag-rhb","tag-rhein-neckar","tag-tramwaj-podmiejski"],"_links":{"self":[{"href":"https:\/\/wgphoto.pl\/t\/index.php?rest_route=\/wp\/v2\/posts\/18699","targetHints":{"allow":["GET"]}}],"collection":[{"href":"https:\/\/wgphoto.pl\/t\/index.php?rest_route=\/wp\/v2\/posts"}],"about":[{"href":"https:\/\/wgphoto.pl\/t\/index.php?rest_route=\/wp\/v2\/types\/post"}],"author":[{"embeddable":true,"href":"https:\/\/wgphoto.pl\/t\/index.php?rest_route=\/wp\/v2\/users\/1"}],"replies":[{"embeddable":true,"href":"https:\/\/wgphoto.pl\/t\/index.php?rest_route=%2Fwp%2Fv2%2Fcomments&post=18699"}],"version-history":[{"count":1,"href":"https:\/\/wgphoto.pl\/t\/index.php?rest_route=\/wp\/v2\/posts\/18699\/revisions"}],"predecessor-version":[{"id":18701,"href":"https:\/\/wgphoto.pl\/t\/index.php?rest_route=\/wp\/v2\/posts\/18699\/revisions\/18701"}],"wp:featuredmedia":[{"embeddable":true,"href":"https:\/\/wgphoto.pl\/t\/index.php?rest_route=\/wp\/v2\/media\/18700"}],"wp:attachment":[{"href":"https:\/\/wgphoto.pl\/t\/index.php?rest_route=%2Fwp%2Fv2%2Fmedia&parent=18699"}],"wp:term":[{"taxonomy":"category","embeddable":true,"href":"https:\/\/wgphoto.pl\/t\/index.php?rest_route=%2Fwp%2Fv2%2Fcategories&post=18699"},{"taxonomy":"post_tag","embeddable":true,"href":"https:\/\/wgphoto.pl\/t\/index.php?rest_route=%2Fwp%2Fv2%2Ftags&post=18699"}],"curies":[{"name":"wp","href":"https:\/\/api.w.org\/{rel}","templated":true}]}}