{"id":18705,"date":"2025-06-15T11:35:29","date_gmt":"2025-06-15T09:35:29","guid":{"rendered":"https:\/\/wgphoto.pl\/t\/?p=18705"},"modified":"2025-06-15T11:35:29","modified_gmt":"2025-06-15T09:35:29","slug":"nieoczekiwana-zmiana-planow","status":"publish","type":"post","link":"https:\/\/wgphoto.pl\/t\/?p=18705","title":{"rendered":"Nieoczekiwana zmiana plan\u00f3w"},"content":{"rendered":"\n<figure class=\"wp-block-image aligncenter size-full\"><img loading=\"lazy\" decoding=\"async\" width=\"1300\" height=\"861\" src=\"https:\/\/wgphoto.pl\/t\/wp-content\/uploads\/2025\/06\/IMGP9498.jpg\" alt=\"\" class=\"wp-image-18706\" srcset=\"https:\/\/wgphoto.pl\/t\/wp-content\/uploads\/2025\/06\/IMGP9498.jpg 1300w, https:\/\/wgphoto.pl\/t\/wp-content\/uploads\/2025\/06\/IMGP9498-300x199.jpg 300w, https:\/\/wgphoto.pl\/t\/wp-content\/uploads\/2025\/06\/IMGP9498-768x509.jpg 768w\" sizes=\"auto, (max-width: 1300px) 100vw, 1300px\" \/><\/figure>\n\n\n\n<div class=\"wp-block-group has-global-padding is-layout-constrained wp-block-group-is-layout-constrained\">\n<p>Jednostka 429.117 jako poci\u0105g linii RE2, nominalnie z Koblencji do Frankfurtu, podczas postoju na stacji Mainz Hbf, dok\u0105d dotar\u0142a z op\u00f3\u017anieniem co najmniej dw\u00f3ch godzin. Tutaj te\u017c okaza\u0142o si\u0119, \u017ce poci\u0105g dzisiaj nie dotrze do swojego (i mojego) celu, poniewa\u017c z powodu policyjnej akcji zamkni\u0119to w\u0142a\u015bnie dworzec g\u0142\u00f3wny we Frankfurcie i nie docieraj\u0105 tam \u017cadne poci\u0105gi. Sk\u0142ad ze zdj\u0119cia zmieni\u0142 wi\u0119c stacj\u0119 docelow\u0105 na R\u00fcsselsheim, a ja, maj\u0105c ju\u017c dosy\u0107 przyg\u00f3d tego dnia (op\u00f3\u017anione i odwo\u0142ane poci\u0105gi od samego rana) skapitulowa\u0142em i zosta\u0142em w Moguncji na noc, p\u0142ac\u0105c za dodatkowy nocleg kup\u0119 forsy. 24.08.2022<\/p>\n<\/div>\n","protected":false},"excerpt":{"rendered":"<p>Jednostka 429.117 jako poci\u0105g linii RE2, nominalnie z Koblencji do Frankfurtu, podczas postoju na stacji Mainz Hbf, dok\u0105d dotar\u0142a z op\u00f3\u017anieniem co najmniej dw\u00f3ch godzin. Tutaj te\u017c okaza\u0142o si\u0119, \u017ce poci\u0105g dzisiaj nie dotrze do swojego (i mojego) celu, poniewa\u017c z powodu policyjnej akcji zamkni\u0119to w\u0142a\u015bnie dworzec g\u0142\u00f3wny we Frankfurcie i nie docieraj\u0105 tam \u017cadne [&hellip;]<\/p>\n","protected":false},"author":1,"featured_media":18706,"comment_status":"open","ping_status":"","sticky":false,"template":"","format":"standard","meta":{"footnotes":""},"categories":[2,669],"tags":[3886,2108,1282,206,179,4034,4035,23,154,204],"class_list":["post-18705","post","type-post","status-publish","format-standard","has-post-thumbnail","hentry","category-kolej","category-rok-2022","tag-2022-08-24","tag-2108","tag-9-euro-ticket-2022","tag-db","tag-hala-peronowa","tag-mainz-hauptbahnhof","tag-moguncja","tag-niemcy","tag-noc","tag-stadler-flirt"],"_links":{"self":[{"href":"https:\/\/wgphoto.pl\/t\/index.php?rest_route=\/wp\/v2\/posts\/18705","targetHints":{"allow":["GET"]}}],"collection":[{"href":"https:\/\/wgphoto.pl\/t\/index.php?rest_route=\/wp\/v2\/posts"}],"about":[{"href":"https:\/\/wgphoto.pl\/t\/index.php?rest_route=\/wp\/v2\/types\/post"}],"author":[{"embeddable":true,"href":"https:\/\/wgphoto.pl\/t\/index.php?rest_route=\/wp\/v2\/users\/1"}],"replies":[{"embeddable":true,"href":"https:\/\/wgphoto.pl\/t\/index.php?rest_route=%2Fwp%2Fv2%2Fcomments&post=18705"}],"version-history":[{"count":1,"href":"https:\/\/wgphoto.pl\/t\/index.php?rest_route=\/wp\/v2\/posts\/18705\/revisions"}],"predecessor-version":[{"id":18707,"href":"https:\/\/wgphoto.pl\/t\/index.php?rest_route=\/wp\/v2\/posts\/18705\/revisions\/18707"}],"wp:featuredmedia":[{"embeddable":true,"href":"https:\/\/wgphoto.pl\/t\/index.php?rest_route=\/wp\/v2\/media\/18706"}],"wp:attachment":[{"href":"https:\/\/wgphoto.pl\/t\/index.php?rest_route=%2Fwp%2Fv2%2Fmedia&parent=18705"}],"wp:term":[{"taxonomy":"category","embeddable":true,"href":"https:\/\/wgphoto.pl\/t\/index.php?rest_route=%2Fwp%2Fv2%2Fcategories&post=18705"},{"taxonomy":"post_tag","embeddable":true,"href":"https:\/\/wgphoto.pl\/t\/index.php?rest_route=%2Fwp%2Fv2%2Ftags&post=18705"}],"curies":[{"name":"wp","href":"https:\/\/api.w.org\/{rel}","templated":true}]}}