{"id":18714,"date":"2025-06-15T13:09:53","date_gmt":"2025-06-15T11:09:53","guid":{"rendered":"https:\/\/wgphoto.pl\/t\/?p=18714"},"modified":"2025-06-15T13:09:53","modified_gmt":"2025-06-15T11:09:53","slug":"21-na-zawalnej","status":"publish","type":"post","link":"https:\/\/wgphoto.pl\/t\/?p=18714","title":{"rendered":"21 na Zawalnej"},"content":{"rendered":"\n<figure class=\"wp-block-image aligncenter size-full\"><img loading=\"lazy\" decoding=\"async\" width=\"788\" height=\"1050\" src=\"https:\/\/wgphoto.pl\/t\/wp-content\/uploads\/2025\/06\/0408-17_rsn.jpg\" alt=\"\" class=\"wp-image-18715\" srcset=\"https:\/\/wgphoto.pl\/t\/wp-content\/uploads\/2025\/06\/0408-17_rsn.jpg 788w, https:\/\/wgphoto.pl\/t\/wp-content\/uploads\/2025\/06\/0408-17_rsn-225x300.jpg 225w, https:\/\/wgphoto.pl\/t\/wp-content\/uploads\/2025\/06\/0408-17_rsn-768x1023.jpg 768w\" sizes=\"auto, (max-width: 788px) 100vw, 788px\" \/><\/figure>\n\n\n\n<div class=\"wp-block-group has-global-padding is-layout-constrained wp-block-group-is-layout-constrained\">\n<p>Wroc\u0142aw, p\u0119tla Zawalna, 105Na 2510+2509. Nie wiem, czy \u017c\u00f3\u0142ta tablica wynika\u0142a ze skr\u00f3cenia z Po\u015bwi\u0119tnego, czy z jakiego\u015b objazdu w centrum. 13.06.2004<\/p>\n<\/div>\n","protected":false},"excerpt":{"rendered":"<p>Wroc\u0142aw, p\u0119tla Zawalna, 105Na 2510+2509. Nie wiem, czy \u017c\u00f3\u0142ta tablica wynika\u0142a ze skr\u00f3cenia z Po\u015bwi\u0119tnego, czy z jakiego\u015b objazdu w centrum. 13.06.2004<\/p>\n","protected":false},"author":1,"featured_media":18715,"comment_status":"open","ping_status":"","sticky":false,"template":"","format":"standard","meta":{"footnotes":""},"categories":[62,128,61,3],"tags":[155,4036,13,42,27,41],"class_list":["post-18714","post","type-post","status-publish","format-standard","has-post-thumbnail","hentry","category-analog","category-pionowe","category-rok-2004","category-tramwaj","tag-105na","tag-2004-06-13","tag-deszcz","tag-mpk-wroclaw","tag-polska","tag-wroclaw"],"_links":{"self":[{"href":"https:\/\/wgphoto.pl\/t\/index.php?rest_route=\/wp\/v2\/posts\/18714","targetHints":{"allow":["GET"]}}],"collection":[{"href":"https:\/\/wgphoto.pl\/t\/index.php?rest_route=\/wp\/v2\/posts"}],"about":[{"href":"https:\/\/wgphoto.pl\/t\/index.php?rest_route=\/wp\/v2\/types\/post"}],"author":[{"embeddable":true,"href":"https:\/\/wgphoto.pl\/t\/index.php?rest_route=\/wp\/v2\/users\/1"}],"replies":[{"embeddable":true,"href":"https:\/\/wgphoto.pl\/t\/index.php?rest_route=%2Fwp%2Fv2%2Fcomments&post=18714"}],"version-history":[{"count":1,"href":"https:\/\/wgphoto.pl\/t\/index.php?rest_route=\/wp\/v2\/posts\/18714\/revisions"}],"predecessor-version":[{"id":18716,"href":"https:\/\/wgphoto.pl\/t\/index.php?rest_route=\/wp\/v2\/posts\/18714\/revisions\/18716"}],"wp:featuredmedia":[{"embeddable":true,"href":"https:\/\/wgphoto.pl\/t\/index.php?rest_route=\/wp\/v2\/media\/18715"}],"wp:attachment":[{"href":"https:\/\/wgphoto.pl\/t\/index.php?rest_route=%2Fwp%2Fv2%2Fmedia&parent=18714"}],"wp:term":[{"taxonomy":"category","embeddable":true,"href":"https:\/\/wgphoto.pl\/t\/index.php?rest_route=%2Fwp%2Fv2%2Fcategories&post=18714"},{"taxonomy":"post_tag","embeddable":true,"href":"https:\/\/wgphoto.pl\/t\/index.php?rest_route=%2Fwp%2Fv2%2Ftags&post=18714"}],"curies":[{"name":"wp","href":"https:\/\/api.w.org\/{rel}","templated":true}]}}