{"id":18717,"date":"2025-06-15T13:10:53","date_gmt":"2025-06-15T11:10:53","guid":{"rendered":"https:\/\/wgphoto.pl\/t\/?p=18717"},"modified":"2025-06-15T13:10:53","modified_gmt":"2025-06-15T11:10:53","slug":"nie-do-powtorzenia-2","status":"publish","type":"post","link":"https:\/\/wgphoto.pl\/t\/?p=18717","title":{"rendered":"Nie do powt\u00f3rzenia"},"content":{"rendered":"\n<figure class=\"wp-block-image aligncenter size-full\"><img loading=\"lazy\" decoding=\"async\" width=\"1400\" height=\"928\" src=\"https:\/\/wgphoto.pl\/t\/wp-content\/uploads\/2025\/06\/0739-35a.jpg\" alt=\"\" class=\"wp-image-18719\" srcset=\"https:\/\/wgphoto.pl\/t\/wp-content\/uploads\/2025\/06\/0739-35a.jpg 1400w, https:\/\/wgphoto.pl\/t\/wp-content\/uploads\/2025\/06\/0739-35a-300x199.jpg 300w, https:\/\/wgphoto.pl\/t\/wp-content\/uploads\/2025\/06\/0739-35a-768x509.jpg 768w\" sizes=\"auto, (max-width: 1400px) 100vw, 1400px\" \/><\/figure>\n\n\n\n<div class=\"wp-block-group has-global-padding is-layout-constrained wp-block-group-is-layout-constrained\">\n<p>Liberec, ul. Je\u0161t\u011bdsk\u00e1. Sk\u0142ad T3 31+32 zje\u017cd\u017ca do miasta zostawiaj\u0105c za sob\u0105 przys\u0142oni\u0119ty chmurami szczyt Je\u0161t\u011bd. Uj\u0119cie a\u017c si\u0119 prosi o powt\u00f3rk\u0119 przy lepszej pogodzie, ale nie jest ona mo\u017cliwa, poniewa\u017c na wolnej dzia\u0142ce po lewej stronie postawiono budynek &#8211; a szkoda, bo to by by\u0142 chyba najlepszy tramwajowy kadr z charakterystycznym szczytem. 31.12.2007<\/p>\n<\/div>\n","protected":false},"excerpt":{"rendered":"<p>Liberec, ul. Je\u0161t\u011bdsk\u00e1. Sk\u0142ad T3 31+32 zje\u017cd\u017ca do miasta zostawiaj\u0105c za sob\u0105 przys\u0142oni\u0119ty chmurami szczyt Je\u0161t\u011bd. Uj\u0119cie a\u017c si\u0119 prosi o powt\u00f3rk\u0119 przy lepszej pogodzie, ale nie jest ona mo\u017cliwa, poniewa\u017c na wolnej dzia\u0142ce po lewej stronie postawiono budynek &#8211; a szkoda, bo to by by\u0142 chyba najlepszy tramwajowy kadr z charakterystycznym szczytem. 31.12.2007<\/p>\n","protected":false},"author":1,"featured_media":18719,"comment_status":"open","ping_status":"","sticky":false,"template":"","format":"standard","meta":{"footnotes":""},"categories":[62,96,3],"tags":[1121,49,875,877,44,1011],"class_list":["post-18717","post","type-post","status-publish","format-standard","has-post-thumbnail","hentry","category-analog","category-rok-2007","category-tramwaj","tag-2007-12-31","tag-czechy","tag-dpmlj-liberec","tag-liberec","tag-snieg","tag-tatra-t3"],"_links":{"self":[{"href":"https:\/\/wgphoto.pl\/t\/index.php?rest_route=\/wp\/v2\/posts\/18717","targetHints":{"allow":["GET"]}}],"collection":[{"href":"https:\/\/wgphoto.pl\/t\/index.php?rest_route=\/wp\/v2\/posts"}],"about":[{"href":"https:\/\/wgphoto.pl\/t\/index.php?rest_route=\/wp\/v2\/types\/post"}],"author":[{"embeddable":true,"href":"https:\/\/wgphoto.pl\/t\/index.php?rest_route=\/wp\/v2\/users\/1"}],"replies":[{"embeddable":true,"href":"https:\/\/wgphoto.pl\/t\/index.php?rest_route=%2Fwp%2Fv2%2Fcomments&post=18717"}],"version-history":[{"count":1,"href":"https:\/\/wgphoto.pl\/t\/index.php?rest_route=\/wp\/v2\/posts\/18717\/revisions"}],"predecessor-version":[{"id":18720,"href":"https:\/\/wgphoto.pl\/t\/index.php?rest_route=\/wp\/v2\/posts\/18717\/revisions\/18720"}],"wp:featuredmedia":[{"embeddable":true,"href":"https:\/\/wgphoto.pl\/t\/index.php?rest_route=\/wp\/v2\/media\/18719"}],"wp:attachment":[{"href":"https:\/\/wgphoto.pl\/t\/index.php?rest_route=%2Fwp%2Fv2%2Fmedia&parent=18717"}],"wp:term":[{"taxonomy":"category","embeddable":true,"href":"https:\/\/wgphoto.pl\/t\/index.php?rest_route=%2Fwp%2Fv2%2Fcategories&post=18717"},{"taxonomy":"post_tag","embeddable":true,"href":"https:\/\/wgphoto.pl\/t\/index.php?rest_route=%2Fwp%2Fv2%2Ftags&post=18717"}],"curies":[{"name":"wp","href":"https:\/\/api.w.org\/{rel}","templated":true}]}}