{"id":18721,"date":"2025-06-15T20:50:55","date_gmt":"2025-06-15T18:50:55","guid":{"rendered":"https:\/\/wgphoto.pl\/t\/?p=18721"},"modified":"2025-06-15T20:50:55","modified_gmt":"2025-06-15T18:50:55","slug":"troche-skandynawsko","status":"publish","type":"post","link":"https:\/\/wgphoto.pl\/t\/?p=18721","title":{"rendered":"Troch\u0119 skandynawsko"},"content":{"rendered":"\n<figure class=\"wp-block-image aligncenter size-full\"><img loading=\"lazy\" decoding=\"async\" width=\"1400\" height=\"927\" src=\"https:\/\/wgphoto.pl\/t\/wp-content\/uploads\/2025\/06\/IMGP0903.jpg\" alt=\"\" class=\"wp-image-18722\" srcset=\"https:\/\/wgphoto.pl\/t\/wp-content\/uploads\/2025\/06\/IMGP0903.jpg 1400w, https:\/\/wgphoto.pl\/t\/wp-content\/uploads\/2025\/06\/IMGP0903-300x199.jpg 300w, https:\/\/wgphoto.pl\/t\/wp-content\/uploads\/2025\/06\/IMGP0903-768x509.jpg 768w\" sizes=\"auto, (max-width: 1400px) 100vw, 1400px\" \/><\/figure>\n\n\n\n<div class=\"wp-block-group has-global-padding is-layout-constrained wp-block-group-is-layout-constrained\">\n<p>Bli\u017cej nieokre\u015blony kurs TGV w kierunku Nicei (nic nie pasuje do rozk\u0142adu albo \u017ale szukam) przemierza szlak Aubagne &#8211; Cassis. Iglasty las i ska\u0142y przywodz\u0105 na my\u015bl bardziej plenery skandynawskie ni\u017c \u015br\u00f3dziemnomorskie. 17.02.2025<\/p>\n<\/div>\n","protected":false},"excerpt":{"rendered":"<p>Bli\u017cej nieokre\u015blony kurs TGV w kierunku Nicei (nic nie pasuje do rozk\u0142adu albo \u017ale szukam) przemierza szlak Aubagne &#8211; Cassis. Iglasty las i ska\u0142y przywodz\u0105 na my\u015bl bardziej plenery skandynawskie ni\u017c \u015br\u00f3dziemnomorskie. 17.02.2025<\/p>\n","protected":false},"author":1,"featured_media":18722,"comment_status":"open","ping_status":"","sticky":false,"template":"","format":"standard","meta":{"footnotes":""},"categories":[2,3208],"tags":[3383,3384,3591,415,1764,3146],"class_list":["post-18721","post","type-post","status-publish","format-standard","has-post-thumbnail","hentry","category-kolej","category-rok-2025","tag-2025-02-17","tag-aubagne","tag-cote-bleue-2025","tag-francja","tag-sncf","tag-tgv"],"_links":{"self":[{"href":"https:\/\/wgphoto.pl\/t\/index.php?rest_route=\/wp\/v2\/posts\/18721","targetHints":{"allow":["GET"]}}],"collection":[{"href":"https:\/\/wgphoto.pl\/t\/index.php?rest_route=\/wp\/v2\/posts"}],"about":[{"href":"https:\/\/wgphoto.pl\/t\/index.php?rest_route=\/wp\/v2\/types\/post"}],"author":[{"embeddable":true,"href":"https:\/\/wgphoto.pl\/t\/index.php?rest_route=\/wp\/v2\/users\/1"}],"replies":[{"embeddable":true,"href":"https:\/\/wgphoto.pl\/t\/index.php?rest_route=%2Fwp%2Fv2%2Fcomments&post=18721"}],"version-history":[{"count":1,"href":"https:\/\/wgphoto.pl\/t\/index.php?rest_route=\/wp\/v2\/posts\/18721\/revisions"}],"predecessor-version":[{"id":18723,"href":"https:\/\/wgphoto.pl\/t\/index.php?rest_route=\/wp\/v2\/posts\/18721\/revisions\/18723"}],"wp:featuredmedia":[{"embeddable":true,"href":"https:\/\/wgphoto.pl\/t\/index.php?rest_route=\/wp\/v2\/media\/18722"}],"wp:attachment":[{"href":"https:\/\/wgphoto.pl\/t\/index.php?rest_route=%2Fwp%2Fv2%2Fmedia&parent=18721"}],"wp:term":[{"taxonomy":"category","embeddable":true,"href":"https:\/\/wgphoto.pl\/t\/index.php?rest_route=%2Fwp%2Fv2%2Fcategories&post=18721"},{"taxonomy":"post_tag","embeddable":true,"href":"https:\/\/wgphoto.pl\/t\/index.php?rest_route=%2Fwp%2Fv2%2Ftags&post=18721"}],"curies":[{"name":"wp","href":"https:\/\/api.w.org\/{rel}","templated":true}]}}