{"id":18744,"date":"2025-06-16T18:08:42","date_gmt":"2025-06-16T16:08:42","guid":{"rendered":"https:\/\/wgphoto.pl\/t\/?p=18744"},"modified":"2025-06-16T18:08:55","modified_gmt":"2025-06-16T16:08:55","slug":"swiateczny-deptak-2","status":"publish","type":"post","link":"https:\/\/wgphoto.pl\/t\/?p=18744","title":{"rendered":"\u015awi\u0105teczny deptak"},"content":{"rendered":"\n<figure class=\"wp-block-image aligncenter size-full\"><img loading=\"lazy\" decoding=\"async\" width=\"714\" height=\"1000\" src=\"https:\/\/wgphoto.pl\/t\/wp-content\/uploads\/2025\/06\/IMGP1805.jpg\" alt=\"\" class=\"wp-image-18745\" srcset=\"https:\/\/wgphoto.pl\/t\/wp-content\/uploads\/2025\/06\/IMGP1805.jpg 714w, https:\/\/wgphoto.pl\/t\/wp-content\/uploads\/2025\/06\/IMGP1805-214x300.jpg 214w\" sizes=\"auto, (max-width: 714px) 100vw, 714px\" \/><\/figure>\n\n\n\n<div class=\"wp-block-group has-global-padding is-layout-constrained wp-block-group-is-layout-constrained\">\n<p>Graz, Herrengasse, Duewag GT8 525 (ex-Duisburg), z ty\u0142u SGP GT8 nr 507, je\u017cd\u017c\u0105cy w Austrii od nowo\u015bci. 27.12.2013<\/p>\n<\/div>\n","protected":false},"excerpt":{"rendered":"<p>Graz, Herrengasse, Duewag GT8 525 (ex-Duisburg), z ty\u0142u SGP GT8 nr 507, je\u017cd\u017c\u0105cy w Austrii od nowo\u015bci. 27.12.2013<\/p>\n","protected":false},"author":1,"featured_media":18745,"comment_status":"open","ping_status":"","sticky":false,"template":"","format":"standard","meta":{"footnotes":""},"categories":[128,55,3],"tags":[275,9,239,273,238,274,181,1491],"class_list":["post-18744","post","type-post","status-publish","format-standard","has-post-thumbnail","hentry","category-pionowe","category-rok-2013","category-tramwaj","tag-2013-12-27","tag-austria","tag-deptak","tag-graz","tag-gt8","tag-holding-graz-linien","tag-slonce","tag-swiateczne-akcenty"],"_links":{"self":[{"href":"https:\/\/wgphoto.pl\/t\/index.php?rest_route=\/wp\/v2\/posts\/18744","targetHints":{"allow":["GET"]}}],"collection":[{"href":"https:\/\/wgphoto.pl\/t\/index.php?rest_route=\/wp\/v2\/posts"}],"about":[{"href":"https:\/\/wgphoto.pl\/t\/index.php?rest_route=\/wp\/v2\/types\/post"}],"author":[{"embeddable":true,"href":"https:\/\/wgphoto.pl\/t\/index.php?rest_route=\/wp\/v2\/users\/1"}],"replies":[{"embeddable":true,"href":"https:\/\/wgphoto.pl\/t\/index.php?rest_route=%2Fwp%2Fv2%2Fcomments&post=18744"}],"version-history":[{"count":1,"href":"https:\/\/wgphoto.pl\/t\/index.php?rest_route=\/wp\/v2\/posts\/18744\/revisions"}],"predecessor-version":[{"id":18746,"href":"https:\/\/wgphoto.pl\/t\/index.php?rest_route=\/wp\/v2\/posts\/18744\/revisions\/18746"}],"wp:featuredmedia":[{"embeddable":true,"href":"https:\/\/wgphoto.pl\/t\/index.php?rest_route=\/wp\/v2\/media\/18745"}],"wp:attachment":[{"href":"https:\/\/wgphoto.pl\/t\/index.php?rest_route=%2Fwp%2Fv2%2Fmedia&parent=18744"}],"wp:term":[{"taxonomy":"category","embeddable":true,"href":"https:\/\/wgphoto.pl\/t\/index.php?rest_route=%2Fwp%2Fv2%2Fcategories&post=18744"},{"taxonomy":"post_tag","embeddable":true,"href":"https:\/\/wgphoto.pl\/t\/index.php?rest_route=%2Fwp%2Fv2%2Ftags&post=18744"}],"curies":[{"name":"wp","href":"https:\/\/api.w.org\/{rel}","templated":true}]}}