{"id":1875,"date":"2024-10-07T16:34:31","date_gmt":"2024-10-07T14:34:31","guid":{"rendered":"https:\/\/wgphoto.pl\/t\/?p=1875"},"modified":"2024-10-07T16:34:31","modified_gmt":"2024-10-07T14:34:31","slug":"jest-rowniez-tramwaj","status":"publish","type":"post","link":"https:\/\/wgphoto.pl\/t\/?p=1875","title":{"rendered":"Jest r\u00f3wnie\u017c tramwaj"},"content":{"rendered":"\n<figure class=\"wp-block-image aligncenter size-full\"><img loading=\"lazy\" decoding=\"async\" width=\"1200\" height=\"795\" src=\"https:\/\/wgphoto.pl\/t\/wp-content\/uploads\/2024\/10\/IMGP7837.jpg\" alt=\"\" class=\"wp-image-1876\" srcset=\"https:\/\/wgphoto.pl\/t\/wp-content\/uploads\/2024\/10\/IMGP7837.jpg 1200w, https:\/\/wgphoto.pl\/t\/wp-content\/uploads\/2024\/10\/IMGP7837-300x199.jpg 300w, https:\/\/wgphoto.pl\/t\/wp-content\/uploads\/2024\/10\/IMGP7837-768x509.jpg 768w\" sizes=\"auto, (max-width: 1200px) 100vw, 1200px\" \/><\/figure>\n\n\n\n<div class=\"wp-block-group has-global-padding is-layout-constrained wp-block-group-is-layout-constrained\">\n<p>RBS opr\u00f3cz kilku linii S-bahnu obs\u0142uguj\u0105 r\u00f3wnie\u017c podmiejsk\u0105 tras\u0119 tramwajow\u0105 do Worb Dorf. Jak wida\u0107, oba \u015brodki transportu ko\u0144cz\u0105 tu bieg, lecz do miasta jad\u0105 r\u00f3\u017cnymi trasami. Spodziewa\u0142em si\u0119 tu klimatycznego budynku stacyjnego (istotnie &#8211; jest takowy z lewej) oraz wsp\u00f3lnych peron\u00f3w (na mapie tory istotnie le\u017c\u0105 r\u00f3wnolegle), ale kto\u015b wpad\u0142 na pomys\u0142 budowy parkingu P+R w formie hali peronowej\u2026 24.03.2018<\/p>\n<\/div>\n","protected":false},"excerpt":{"rendered":"<p>RBS opr\u00f3cz kilku linii S-bahnu obs\u0142uguj\u0105 r\u00f3wnie\u017c podmiejsk\u0105 tras\u0119 tramwajow\u0105 do Worb Dorf. Jak wida\u0107, oba \u015brodki transportu ko\u0144cz\u0105 tu bieg, lecz do miasta jad\u0105 r\u00f3\u017cnymi trasami. Spodziewa\u0142em si\u0119 tu klimatycznego budynku stacyjnego (istotnie &#8211; jest takowy z lewej) oraz wsp\u00f3lnych peron\u00f3w (na mapie tory istotnie le\u017c\u0105 r\u00f3wnolegle), ale kto\u015b wpad\u0142 na pomys\u0142 budowy parkingu [&hellip;]<\/p>\n","protected":false},"author":1,"featured_media":1876,"comment_status":"open","ping_status":"","sticky":false,"template":"","format":"standard","meta":{"footnotes":""},"categories":[156,3],"tags":[396,393,179,976,183,186,561,977],"class_list":["post-1875","post","type-post","status-publish","format-standard","has-post-thumbnail","hentry","category-rok-2018","category-tramwaj","tag-2018-03-24","tag-berno","tag-hala-peronowa","tag-rbs","tag-suissetrip-2018","tag-szwajcaria","tag-tramwaj-podmiejski","tag-worb"],"_links":{"self":[{"href":"https:\/\/wgphoto.pl\/t\/index.php?rest_route=\/wp\/v2\/posts\/1875","targetHints":{"allow":["GET"]}}],"collection":[{"href":"https:\/\/wgphoto.pl\/t\/index.php?rest_route=\/wp\/v2\/posts"}],"about":[{"href":"https:\/\/wgphoto.pl\/t\/index.php?rest_route=\/wp\/v2\/types\/post"}],"author":[{"embeddable":true,"href":"https:\/\/wgphoto.pl\/t\/index.php?rest_route=\/wp\/v2\/users\/1"}],"replies":[{"embeddable":true,"href":"https:\/\/wgphoto.pl\/t\/index.php?rest_route=%2Fwp%2Fv2%2Fcomments&post=1875"}],"version-history":[{"count":1,"href":"https:\/\/wgphoto.pl\/t\/index.php?rest_route=\/wp\/v2\/posts\/1875\/revisions"}],"predecessor-version":[{"id":1877,"href":"https:\/\/wgphoto.pl\/t\/index.php?rest_route=\/wp\/v2\/posts\/1875\/revisions\/1877"}],"wp:featuredmedia":[{"embeddable":true,"href":"https:\/\/wgphoto.pl\/t\/index.php?rest_route=\/wp\/v2\/media\/1876"}],"wp:attachment":[{"href":"https:\/\/wgphoto.pl\/t\/index.php?rest_route=%2Fwp%2Fv2%2Fmedia&parent=1875"}],"wp:term":[{"taxonomy":"category","embeddable":true,"href":"https:\/\/wgphoto.pl\/t\/index.php?rest_route=%2Fwp%2Fv2%2Fcategories&post=1875"},{"taxonomy":"post_tag","embeddable":true,"href":"https:\/\/wgphoto.pl\/t\/index.php?rest_route=%2Fwp%2Fv2%2Ftags&post=1875"}],"curies":[{"name":"wp","href":"https:\/\/api.w.org\/{rel}","templated":true}]}}