{"id":18759,"date":"2025-06-16T20:22:23","date_gmt":"2025-06-16T18:22:23","guid":{"rendered":"https:\/\/wgphoto.pl\/t\/?p=18759"},"modified":"2025-06-16T20:22:23","modified_gmt":"2025-06-16T18:22:23","slug":"barwa-szybkosci","status":"publish","type":"post","link":"https:\/\/wgphoto.pl\/t\/?p=18759","title":{"rendered":"Barwa szybko\u015bci"},"content":{"rendered":"\n<figure class=\"wp-block-image aligncenter size-full\"><img loading=\"lazy\" decoding=\"async\" width=\"1300\" height=\"862\" src=\"https:\/\/wgphoto.pl\/t\/wp-content\/uploads\/2025\/06\/2002q-30a.jpg\" alt=\"\" class=\"wp-image-18760\" srcset=\"https:\/\/wgphoto.pl\/t\/wp-content\/uploads\/2025\/06\/2002q-30a.jpg 1300w, https:\/\/wgphoto.pl\/t\/wp-content\/uploads\/2025\/06\/2002q-30a-300x199.jpg 300w, https:\/\/wgphoto.pl\/t\/wp-content\/uploads\/2025\/06\/2002q-30a-768x509.jpg 768w\" sizes=\"auto, (max-width: 1300px) 100vw, 1300px\" \/><\/figure>\n\n\n\n<div class=\"wp-block-group has-global-padding is-layout-constrained wp-block-group-is-layout-constrained\">\n<p>EP08-013 z poci\u0105giem Ex 5202 &#8222;Czartoryski&#8221; z Gdyni G\u0142\u00f3wnej do Lublina podczas postoju w Gda\u0144sku G\u0142\u00f3wnym. 11.07.2002<\/p>\n<\/div>\n","protected":false},"excerpt":{"rendered":"<p>EP08-013 z poci\u0105giem Ex 5202 &#8222;Czartoryski&#8221; z Gdyni G\u0142\u00f3wnej do Lublina podczas postoju w Gda\u0144sku G\u0142\u00f3wnym. 11.07.2002<\/p>\n","protected":false},"author":1,"featured_media":18760,"comment_status":"open","ping_status":"","sticky":false,"template":"","format":"standard","meta":{"footnotes":""},"categories":[62,2,577],"tags":[1937,225,907,908,63,27,1936],"class_list":["post-18759","post","type-post","status-publish","format-standard","has-post-thumbnail","hentry","category-analog","category-kolej","category-rok-2002","tag-2002-07-11","tag-ep08","tag-gdansk","tag-gdansk-glowny","tag-pkp","tag-polska","tag-tab-pl400"],"_links":{"self":[{"href":"https:\/\/wgphoto.pl\/t\/index.php?rest_route=\/wp\/v2\/posts\/18759","targetHints":{"allow":["GET"]}}],"collection":[{"href":"https:\/\/wgphoto.pl\/t\/index.php?rest_route=\/wp\/v2\/posts"}],"about":[{"href":"https:\/\/wgphoto.pl\/t\/index.php?rest_route=\/wp\/v2\/types\/post"}],"author":[{"embeddable":true,"href":"https:\/\/wgphoto.pl\/t\/index.php?rest_route=\/wp\/v2\/users\/1"}],"replies":[{"embeddable":true,"href":"https:\/\/wgphoto.pl\/t\/index.php?rest_route=%2Fwp%2Fv2%2Fcomments&post=18759"}],"version-history":[{"count":1,"href":"https:\/\/wgphoto.pl\/t\/index.php?rest_route=\/wp\/v2\/posts\/18759\/revisions"}],"predecessor-version":[{"id":18761,"href":"https:\/\/wgphoto.pl\/t\/index.php?rest_route=\/wp\/v2\/posts\/18759\/revisions\/18761"}],"wp:featuredmedia":[{"embeddable":true,"href":"https:\/\/wgphoto.pl\/t\/index.php?rest_route=\/wp\/v2\/media\/18760"}],"wp:attachment":[{"href":"https:\/\/wgphoto.pl\/t\/index.php?rest_route=%2Fwp%2Fv2%2Fmedia&parent=18759"}],"wp:term":[{"taxonomy":"category","embeddable":true,"href":"https:\/\/wgphoto.pl\/t\/index.php?rest_route=%2Fwp%2Fv2%2Fcategories&post=18759"},{"taxonomy":"post_tag","embeddable":true,"href":"https:\/\/wgphoto.pl\/t\/index.php?rest_route=%2Fwp%2Fv2%2Ftags&post=18759"}],"curies":[{"name":"wp","href":"https:\/\/api.w.org\/{rel}","templated":true}]}}