{"id":18768,"date":"2025-06-16T20:24:59","date_gmt":"2025-06-16T18:24:59","guid":{"rendered":"https:\/\/wgphoto.pl\/t\/?p=18768"},"modified":"2025-06-16T20:24:59","modified_gmt":"2025-06-16T18:24:59","slug":"brill-28-213","status":"publish","type":"post","link":"https:\/\/wgphoto.pl\/t\/?p=18768","title":{"rendered":"Brill-28 #213"},"content":{"rendered":"\n<figure class=\"wp-block-image aligncenter size-full\"><img loading=\"lazy\" decoding=\"async\" width=\"1200\" height=\"900\" src=\"https:\/\/wgphoto.pl\/t\/wp-content\/uploads\/2025\/06\/IMGP6806.jpg\" alt=\"\" class=\"wp-image-18769\" srcset=\"https:\/\/wgphoto.pl\/t\/wp-content\/uploads\/2025\/06\/IMGP6806.jpg 1200w, https:\/\/wgphoto.pl\/t\/wp-content\/uploads\/2025\/06\/IMGP6806-300x225.jpg 300w, https:\/\/wgphoto.pl\/t\/wp-content\/uploads\/2025\/06\/IMGP6806-768x576.jpg 768w\" sizes=\"auto, (max-width: 1200px) 100vw, 1200px\" \/><\/figure>\n\n\n\n<div class=\"wp-block-group has-global-padding is-layout-constrained wp-block-group-is-layout-constrained\">\n<p>Porto, Rua do Infante Dom Henrique. Wagon nr 213 za chwil\u0119 podstawi si\u0119 na \u015br\u00f3dmiejski przystanek pocz\u0105tkowy linii 1 o nazwie Infante. 02.09.2010<\/p>\n<\/div>\n","protected":false},"excerpt":{"rendered":"<p>Porto, Rua do Infante Dom Henrique. Wagon nr 213 za chwil\u0119 podstawi si\u0119 na \u015br\u00f3dmiejski przystanek pocz\u0105tkowy linii 1 o nazwie Infante. 02.09.2010<\/p>\n","protected":false},"author":1,"featured_media":18769,"comment_status":"open","ping_status":"","sticky":false,"template":"","format":"standard","meta":{"footnotes":""},"categories":[86,3],"tags":[1198,91,1197,503,297,1196,90],"class_list":["post-18768","post","type-post","status-publish","format-standard","has-post-thumbnail","hentry","category-rok-2010","category-tramwaj","tag-2010-09-02","tag-blue-hour","tag-brill-28","tag-porto","tag-portugalia","tag-stcp-porto","tag-wieczorem"],"_links":{"self":[{"href":"https:\/\/wgphoto.pl\/t\/index.php?rest_route=\/wp\/v2\/posts\/18768","targetHints":{"allow":["GET"]}}],"collection":[{"href":"https:\/\/wgphoto.pl\/t\/index.php?rest_route=\/wp\/v2\/posts"}],"about":[{"href":"https:\/\/wgphoto.pl\/t\/index.php?rest_route=\/wp\/v2\/types\/post"}],"author":[{"embeddable":true,"href":"https:\/\/wgphoto.pl\/t\/index.php?rest_route=\/wp\/v2\/users\/1"}],"replies":[{"embeddable":true,"href":"https:\/\/wgphoto.pl\/t\/index.php?rest_route=%2Fwp%2Fv2%2Fcomments&post=18768"}],"version-history":[{"count":1,"href":"https:\/\/wgphoto.pl\/t\/index.php?rest_route=\/wp\/v2\/posts\/18768\/revisions"}],"predecessor-version":[{"id":18770,"href":"https:\/\/wgphoto.pl\/t\/index.php?rest_route=\/wp\/v2\/posts\/18768\/revisions\/18770"}],"wp:featuredmedia":[{"embeddable":true,"href":"https:\/\/wgphoto.pl\/t\/index.php?rest_route=\/wp\/v2\/media\/18769"}],"wp:attachment":[{"href":"https:\/\/wgphoto.pl\/t\/index.php?rest_route=%2Fwp%2Fv2%2Fmedia&parent=18768"}],"wp:term":[{"taxonomy":"category","embeddable":true,"href":"https:\/\/wgphoto.pl\/t\/index.php?rest_route=%2Fwp%2Fv2%2Fcategories&post=18768"},{"taxonomy":"post_tag","embeddable":true,"href":"https:\/\/wgphoto.pl\/t\/index.php?rest_route=%2Fwp%2Fv2%2Ftags&post=18768"}],"curies":[{"name":"wp","href":"https:\/\/api.w.org\/{rel}","templated":true}]}}