{"id":18771,"date":"2025-06-16T20:25:58","date_gmt":"2025-06-16T18:25:58","guid":{"rendered":"https:\/\/wgphoto.pl\/t\/?p=18771"},"modified":"2025-06-16T20:26:22","modified_gmt":"2025-06-16T18:26:22","slug":"leipzig-markt-3","status":"publish","type":"post","link":"https:\/\/wgphoto.pl\/t\/?p=18771","title":{"rendered":"Leipzig Markt (3)"},"content":{"rendered":"\n<figure class=\"wp-block-image aligncenter size-full\"><img loading=\"lazy\" decoding=\"async\" width=\"1300\" height=\"861\" src=\"https:\/\/wgphoto.pl\/t\/wp-content\/uploads\/2025\/06\/IMGP4314.jpg\" alt=\"\" class=\"wp-image-18772\" srcset=\"https:\/\/wgphoto.pl\/t\/wp-content\/uploads\/2025\/06\/IMGP4314.jpg 1300w, https:\/\/wgphoto.pl\/t\/wp-content\/uploads\/2025\/06\/IMGP4314-300x199.jpg 300w, https:\/\/wgphoto.pl\/t\/wp-content\/uploads\/2025\/06\/IMGP4314-768x509.jpg 768w\" sizes=\"auto, (max-width: 1300px) 100vw, 1300px\" \/><\/figure>\n\n\n\n<div class=\"wp-block-group has-global-padding is-layout-constrained wp-block-group-is-layout-constrained\">\n<p>Poci\u0105g linii S2 do Magdeburga wje\u017cd\u017ca na tytu\u0142owy przystanek, zlokalizowany na nowej lipskiej \u015brednicy. Linia S2 by\u0142a chyba jedyn\u0105 obs\u0142ugiwan\u0105 sk\u0142adami wagonowymi. 30.04.2016<\/p>\n<\/div>\n","protected":false},"excerpt":{"rendered":"<p>Poci\u0105g linii S2 do Magdeburga wje\u017cd\u017ca na tytu\u0142owy przystanek, zlokalizowany na nowej lipskiej \u015brednicy. Linia S2 by\u0142a chyba jedyn\u0105 obs\u0142ugiwan\u0105 sk\u0142adami wagonowymi. 30.04.2016<\/p>\n","protected":false},"author":1,"featured_media":18772,"comment_status":"open","ping_status":"","sticky":false,"template":"","format":"standard","meta":{"footnotes":""},"categories":[220,2,125],"tags":[1532,206,3427,1180,635,23,2989,15,1869],"class_list":["post-18771","post","type-post","status-publish","format-standard","has-post-thumbnail","hentry","category-blo","category-kolej","category-rok-2016","tag-2016-04-30","tag-db","tag-leipzig-markt","tag-lipsk","tag-majowka-2016","tag-niemcy","tag-s-bahn-mitteldeutschland","tag-tunel","tag-wagon-sterowniczy"],"_links":{"self":[{"href":"https:\/\/wgphoto.pl\/t\/index.php?rest_route=\/wp\/v2\/posts\/18771","targetHints":{"allow":["GET"]}}],"collection":[{"href":"https:\/\/wgphoto.pl\/t\/index.php?rest_route=\/wp\/v2\/posts"}],"about":[{"href":"https:\/\/wgphoto.pl\/t\/index.php?rest_route=\/wp\/v2\/types\/post"}],"author":[{"embeddable":true,"href":"https:\/\/wgphoto.pl\/t\/index.php?rest_route=\/wp\/v2\/users\/1"}],"replies":[{"embeddable":true,"href":"https:\/\/wgphoto.pl\/t\/index.php?rest_route=%2Fwp%2Fv2%2Fcomments&post=18771"}],"version-history":[{"count":1,"href":"https:\/\/wgphoto.pl\/t\/index.php?rest_route=\/wp\/v2\/posts\/18771\/revisions"}],"predecessor-version":[{"id":18773,"href":"https:\/\/wgphoto.pl\/t\/index.php?rest_route=\/wp\/v2\/posts\/18771\/revisions\/18773"}],"wp:featuredmedia":[{"embeddable":true,"href":"https:\/\/wgphoto.pl\/t\/index.php?rest_route=\/wp\/v2\/media\/18772"}],"wp:attachment":[{"href":"https:\/\/wgphoto.pl\/t\/index.php?rest_route=%2Fwp%2Fv2%2Fmedia&parent=18771"}],"wp:term":[{"taxonomy":"category","embeddable":true,"href":"https:\/\/wgphoto.pl\/t\/index.php?rest_route=%2Fwp%2Fv2%2Fcategories&post=18771"},{"taxonomy":"post_tag","embeddable":true,"href":"https:\/\/wgphoto.pl\/t\/index.php?rest_route=%2Fwp%2Fv2%2Ftags&post=18771"}],"curies":[{"name":"wp","href":"https:\/\/api.w.org\/{rel}","templated":true}]}}