{"id":18803,"date":"2025-06-16T20:37:14","date_gmt":"2025-06-16T18:37:14","guid":{"rendered":"https:\/\/wgphoto.pl\/t\/?p=18803"},"modified":"2025-06-16T20:37:14","modified_gmt":"2025-06-16T18:37:14","slug":"wieczorne-retro","status":"publish","type":"post","link":"https:\/\/wgphoto.pl\/t\/?p=18803","title":{"rendered":"Wieczorne retro"},"content":{"rendered":"\n<figure class=\"wp-block-image aligncenter size-full\"><img loading=\"lazy\" decoding=\"async\" width=\"1300\" height=\"861\" src=\"https:\/\/wgphoto.pl\/t\/wp-content\/uploads\/2025\/06\/IMGP4633.jpg\" alt=\"\" class=\"wp-image-18804\" srcset=\"https:\/\/wgphoto.pl\/t\/wp-content\/uploads\/2025\/06\/IMGP4633.jpg 1300w, https:\/\/wgphoto.pl\/t\/wp-content\/uploads\/2025\/06\/IMGP4633-300x199.jpg 300w, https:\/\/wgphoto.pl\/t\/wp-content\/uploads\/2025\/06\/IMGP4633-768x509.jpg 768w\" sizes=\"auto, (max-width: 1300px) 100vw, 1300px\" \/><\/figure>\n\n\n\n<div class=\"wp-block-group has-global-padding is-layout-constrained wp-block-group-is-layout-constrained\">\n<p>Turyn, Piazza Castello. Tramwaj (rocznik 1933) regularnej linii, obs\u0142ugiwanej zabytkowym taborem, oczekuje pory odjazdu z g\u0142\u00f3wnego placu miasta. 22.10.2017<\/p>\n<\/div>\n","protected":false},"excerpt":{"rendered":"<p>Turyn, Piazza Castello. Tramwaj (rocznik 1933) regularnej linii, obs\u0142ugiwanej zabytkowym taborem, oczekuje pory odjazdu z g\u0142\u00f3wnego placu miasta. 22.10.2017<\/p>\n","protected":false},"author":1,"featured_media":18804,"comment_status":"open","ping_status":"","sticky":false,"template":"","format":"standard","meta":{"footnotes":""},"categories":[368,3],"tags":[1318,91,494,1316,832,139,1317,90,110],"class_list":["post-18803","post","type-post","status-publish","format-standard","has-post-thumbnail","hentry","category-rok-2017","category-tramwaj","tag-2017-10-22","tag-blue-hour","tag-flaga","tag-gtt-torino","tag-mediolan-2017","tag-retro","tag-turyn","tag-wieczorem","tag-wlochy"],"_links":{"self":[{"href":"https:\/\/wgphoto.pl\/t\/index.php?rest_route=\/wp\/v2\/posts\/18803","targetHints":{"allow":["GET"]}}],"collection":[{"href":"https:\/\/wgphoto.pl\/t\/index.php?rest_route=\/wp\/v2\/posts"}],"about":[{"href":"https:\/\/wgphoto.pl\/t\/index.php?rest_route=\/wp\/v2\/types\/post"}],"author":[{"embeddable":true,"href":"https:\/\/wgphoto.pl\/t\/index.php?rest_route=\/wp\/v2\/users\/1"}],"replies":[{"embeddable":true,"href":"https:\/\/wgphoto.pl\/t\/index.php?rest_route=%2Fwp%2Fv2%2Fcomments&post=18803"}],"version-history":[{"count":1,"href":"https:\/\/wgphoto.pl\/t\/index.php?rest_route=\/wp\/v2\/posts\/18803\/revisions"}],"predecessor-version":[{"id":18805,"href":"https:\/\/wgphoto.pl\/t\/index.php?rest_route=\/wp\/v2\/posts\/18803\/revisions\/18805"}],"wp:featuredmedia":[{"embeddable":true,"href":"https:\/\/wgphoto.pl\/t\/index.php?rest_route=\/wp\/v2\/media\/18804"}],"wp:attachment":[{"href":"https:\/\/wgphoto.pl\/t\/index.php?rest_route=%2Fwp%2Fv2%2Fmedia&parent=18803"}],"wp:term":[{"taxonomy":"category","embeddable":true,"href":"https:\/\/wgphoto.pl\/t\/index.php?rest_route=%2Fwp%2Fv2%2Fcategories&post=18803"},{"taxonomy":"post_tag","embeddable":true,"href":"https:\/\/wgphoto.pl\/t\/index.php?rest_route=%2Fwp%2Fv2%2Ftags&post=18803"}],"curies":[{"name":"wp","href":"https:\/\/api.w.org\/{rel}","templated":true}]}}