{"id":18809,"date":"2025-06-17T10:55:32","date_gmt":"2025-06-17T08:55:32","guid":{"rendered":"https:\/\/wgphoto.pl\/t\/?p=18809"},"modified":"2025-06-17T10:55:32","modified_gmt":"2025-06-17T08:55:32","slug":"pod-ziemia-a-jednak-w-swietle-slonecznym","status":"publish","type":"post","link":"https:\/\/wgphoto.pl\/t\/?p=18809","title":{"rendered":"Pod ziemi\u0105, a jednak w \u015bwietle s\u0142onecznym"},"content":{"rendered":"\n<figure class=\"wp-block-image aligncenter size-full\"><img loading=\"lazy\" decoding=\"async\" width=\"1300\" height=\"862\" src=\"https:\/\/wgphoto.pl\/t\/wp-content\/uploads\/2025\/06\/0611-35.jpg\" alt=\"\" class=\"wp-image-18810\" srcset=\"https:\/\/wgphoto.pl\/t\/wp-content\/uploads\/2025\/06\/0611-35.jpg 1300w, https:\/\/wgphoto.pl\/t\/wp-content\/uploads\/2025\/06\/0611-35-300x199.jpg 300w, https:\/\/wgphoto.pl\/t\/wp-content\/uploads\/2025\/06\/0611-35-768x509.jpg 768w\" sizes=\"auto, (max-width: 1300px) 100vw, 1300px\" \/><\/figure>\n\n\n\n<div class=\"wp-block-group has-global-padding is-layout-constrained wp-block-group-is-layout-constrained\">\n<p>Najstarszy sk\u0142ad E<sub>2<\/sub>+c<sub>5<\/sub> o numerach 4001+1401 podczas postoju na schowanej pod ziemi\u0119 petli Schottentor w Wiedniu. Nad ni\u0105 znajduje si\u0119 druga, naziemna p\u0119tla. Z uwagi na du\u017c\u0105 cz\u0119stotliwo\u015b\u0107 tramwaj\u00f3w w obr\u0119bie tego w\u0119z\u0142a oraz rejonizacj\u0119 linii, p\u0119tla podziemna przyjmuje tramwaje oznaczone numerami 37, 38, 40, 41 i 42, kursuj\u0105ce w kierunku p\u00f3\u0142nocno &#8211; zachodnim, natomiast naziemna &#8211; 43 i 44, kt\u00f3re jad\u0105 prosto na zach\u00f3d. 29.06.2006<\/p>\n<\/div>\n","protected":false},"excerpt":{"rendered":"<p>Najstarszy sk\u0142ad E2+c5 o numerach 4001+1401 podczas postoju na schowanej pod ziemi\u0119 petli Schottentor w Wiedniu. Nad ni\u0105 znajduje si\u0119 druga, naziemna p\u0119tla. Z uwagi na du\u017c\u0105 cz\u0119stotliwo\u015b\u0107 tramwaj\u00f3w w obr\u0119bie tego w\u0119z\u0142a oraz rejonizacj\u0119 linii, p\u0119tla podziemna przyjmuje tramwaje oznaczone numerami 37, 38, 40, 41 i 42, kursuj\u0105ce w kierunku p\u00f3\u0142nocno &#8211; zachodnim, natomiast [&hellip;]<\/p>\n","protected":false},"author":1,"featured_media":18810,"comment_status":"open","ping_status":"","sticky":false,"template":"","format":"standard","meta":{"footnotes":""},"categories":[62,130,3],"tags":[2024,9,581,101,97,98],"class_list":["post-18809","post","type-post","status-publish","format-standard","has-post-thumbnail","hentry","category-analog","category-rok-2006","category-tramwaj","tag-2006-06-29","tag-austria","tag-e2","tag-gt6","tag-wieden","tag-wiener-linien"],"_links":{"self":[{"href":"https:\/\/wgphoto.pl\/t\/index.php?rest_route=\/wp\/v2\/posts\/18809","targetHints":{"allow":["GET"]}}],"collection":[{"href":"https:\/\/wgphoto.pl\/t\/index.php?rest_route=\/wp\/v2\/posts"}],"about":[{"href":"https:\/\/wgphoto.pl\/t\/index.php?rest_route=\/wp\/v2\/types\/post"}],"author":[{"embeddable":true,"href":"https:\/\/wgphoto.pl\/t\/index.php?rest_route=\/wp\/v2\/users\/1"}],"replies":[{"embeddable":true,"href":"https:\/\/wgphoto.pl\/t\/index.php?rest_route=%2Fwp%2Fv2%2Fcomments&post=18809"}],"version-history":[{"count":1,"href":"https:\/\/wgphoto.pl\/t\/index.php?rest_route=\/wp\/v2\/posts\/18809\/revisions"}],"predecessor-version":[{"id":18811,"href":"https:\/\/wgphoto.pl\/t\/index.php?rest_route=\/wp\/v2\/posts\/18809\/revisions\/18811"}],"wp:featuredmedia":[{"embeddable":true,"href":"https:\/\/wgphoto.pl\/t\/index.php?rest_route=\/wp\/v2\/media\/18810"}],"wp:attachment":[{"href":"https:\/\/wgphoto.pl\/t\/index.php?rest_route=%2Fwp%2Fv2%2Fmedia&parent=18809"}],"wp:term":[{"taxonomy":"category","embeddable":true,"href":"https:\/\/wgphoto.pl\/t\/index.php?rest_route=%2Fwp%2Fv2%2Fcategories&post=18809"},{"taxonomy":"post_tag","embeddable":true,"href":"https:\/\/wgphoto.pl\/t\/index.php?rest_route=%2Fwp%2Fv2%2Ftags&post=18809"}],"curies":[{"name":"wp","href":"https:\/\/api.w.org\/{rel}","templated":true}]}}