{"id":18818,"date":"2025-06-17T10:58:20","date_gmt":"2025-06-17T08:58:20","guid":{"rendered":"https:\/\/wgphoto.pl\/t\/?p=18818"},"modified":"2025-06-17T10:58:20","modified_gmt":"2025-06-17T08:58:20","slug":"koniec-trasy-8","status":"publish","type":"post","link":"https:\/\/wgphoto.pl\/t\/?p=18818","title":{"rendered":"Koniec trasy"},"content":{"rendered":"\n<figure class=\"wp-block-image aligncenter size-full\"><img loading=\"lazy\" decoding=\"async\" width=\"1200\" height=\"900\" src=\"https:\/\/wgphoto.pl\/t\/wp-content\/uploads\/2025\/06\/IMGP7123.jpg\" alt=\"\" class=\"wp-image-18819\" srcset=\"https:\/\/wgphoto.pl\/t\/wp-content\/uploads\/2025\/06\/IMGP7123.jpg 1200w, https:\/\/wgphoto.pl\/t\/wp-content\/uploads\/2025\/06\/IMGP7123-300x225.jpg 300w, https:\/\/wgphoto.pl\/t\/wp-content\/uploads\/2025\/06\/IMGP7123-768x576.jpg 768w\" sizes=\"auto, (max-width: 1200px) 100vw, 1200px\" \/><\/figure>\n\n\n\n<div class=\"wp-block-group has-global-padding is-layout-constrained wp-block-group-is-layout-constrained\">\n<p>Bombardier Flexity Outlook 870 i Stadler Tango 1832 na \u015blepym kra\u0144cu Meyrin-Gravi\u00e8re w Meyrin ko\u0142o Genewy. 21.03.2018<\/p>\n<\/div>\n","protected":false},"excerpt":{"rendered":"<p>Bombardier Flexity Outlook 870 i Stadler Tango 1832 na \u015blepym kra\u0144cu Meyrin-Gravi\u00e8re w Meyrin ko\u0142o Genewy. 21.03.2018<\/p>\n","protected":false},"author":1,"featured_media":18819,"comment_status":"open","ping_status":"","sticky":false,"template":"","format":"standard","meta":{"footnotes":""},"categories":[156,3],"tags":[188,185,184,2487,183,186,187],"class_list":["post-18818","post","type-post","status-publish","format-standard","has-post-thumbnail","hentry","category-rok-2018","category-tramwaj","tag-2018-03-21","tag-cityrunner","tag-genewa","tag-stadler-tango","tag-suissetrip-2018","tag-szwajcaria","tag-tpg-geneve"],"_links":{"self":[{"href":"https:\/\/wgphoto.pl\/t\/index.php?rest_route=\/wp\/v2\/posts\/18818","targetHints":{"allow":["GET"]}}],"collection":[{"href":"https:\/\/wgphoto.pl\/t\/index.php?rest_route=\/wp\/v2\/posts"}],"about":[{"href":"https:\/\/wgphoto.pl\/t\/index.php?rest_route=\/wp\/v2\/types\/post"}],"author":[{"embeddable":true,"href":"https:\/\/wgphoto.pl\/t\/index.php?rest_route=\/wp\/v2\/users\/1"}],"replies":[{"embeddable":true,"href":"https:\/\/wgphoto.pl\/t\/index.php?rest_route=%2Fwp%2Fv2%2Fcomments&post=18818"}],"version-history":[{"count":1,"href":"https:\/\/wgphoto.pl\/t\/index.php?rest_route=\/wp\/v2\/posts\/18818\/revisions"}],"predecessor-version":[{"id":18820,"href":"https:\/\/wgphoto.pl\/t\/index.php?rest_route=\/wp\/v2\/posts\/18818\/revisions\/18820"}],"wp:featuredmedia":[{"embeddable":true,"href":"https:\/\/wgphoto.pl\/t\/index.php?rest_route=\/wp\/v2\/media\/18819"}],"wp:attachment":[{"href":"https:\/\/wgphoto.pl\/t\/index.php?rest_route=%2Fwp%2Fv2%2Fmedia&parent=18818"}],"wp:term":[{"taxonomy":"category","embeddable":true,"href":"https:\/\/wgphoto.pl\/t\/index.php?rest_route=%2Fwp%2Fv2%2Fcategories&post=18818"},{"taxonomy":"post_tag","embeddable":true,"href":"https:\/\/wgphoto.pl\/t\/index.php?rest_route=%2Fwp%2Fv2%2Ftags&post=18818"}],"curies":[{"name":"wp","href":"https:\/\/api.w.org\/{rel}","templated":true}]}}