{"id":18821,"date":"2025-06-17T10:59:10","date_gmt":"2025-06-17T08:59:10","guid":{"rendered":"https:\/\/wgphoto.pl\/t\/?p=18821"},"modified":"2025-06-17T10:59:10","modified_gmt":"2025-06-17T08:59:10","slug":"et21-495-wroclaw-glowny","status":"publish","type":"post","link":"https:\/\/wgphoto.pl\/t\/?p=18821","title":{"rendered":"ET21-495, Wroc\u0142aw G\u0142\u00f3wny"},"content":{"rendered":"\n<figure class=\"wp-block-image aligncenter size-full\"><img loading=\"lazy\" decoding=\"async\" width=\"1300\" height=\"862\" src=\"https:\/\/wgphoto.pl\/t\/wp-content\/uploads\/2025\/06\/0614-13.jpg\" alt=\"\" class=\"wp-image-18822\" srcset=\"https:\/\/wgphoto.pl\/t\/wp-content\/uploads\/2025\/06\/0614-13.jpg 1300w, https:\/\/wgphoto.pl\/t\/wp-content\/uploads\/2025\/06\/0614-13-300x199.jpg 300w, https:\/\/wgphoto.pl\/t\/wp-content\/uploads\/2025\/06\/0614-13-768x509.jpg 768w\" sizes=\"auto, (max-width: 1300px) 100vw, 1300px\" \/><\/figure>\n\n\n\n<div class=\"wp-block-group has-global-padding is-layout-constrained wp-block-group-is-layout-constrained\">\n<p>ET21-495 odje\u017cd\u017ca z Wroc\u0142awia G\u0142\u00f3wnego z poci\u0105giem (odt\u0105d) osobowym 16121 &#8222;Sudety&#8221; z Warszawy do Jeleniej G\u00f3ry. To by\u0142 ten okres, gdy czas jazdy do Jeleniej G\u00f3ry przyjmowa\u0142 tak fatalne warto\u015bci, \u017ce po\u015bpiechy &#8222;z Polski&#8221; na tym odcinku jecha\u0142y w taryfie i z numeracj\u0105 poci\u0105g\u00f3w osobowych. 13.07.2006<\/p>\n<\/div>\n","protected":false},"excerpt":{"rendered":"<p>ET21-495 odje\u017cd\u017ca z Wroc\u0142awia G\u0142\u00f3wnego z poci\u0105giem (odt\u0105d) osobowym 16121 &#8222;Sudety&#8221; z Warszawy do Jeleniej G\u00f3ry. To by\u0142 ten okres, gdy czas jazdy do Jeleniej G\u00f3ry przyjmowa\u0142 tak fatalne warto\u015bci, \u017ce po\u015bpiechy &#8222;z Polski&#8221; na tym odcinku jecha\u0142y w taryfie i z numeracj\u0105 poci\u0105g\u00f3w osobowych. 13.07.2006<\/p>\n","protected":false},"author":1,"featured_media":18822,"comment_status":"open","ping_status":"","sticky":false,"template":"","format":"standard","meta":{"footnotes":""},"categories":[62,2,130],"tags":[4046,198,179,63,27,200,41,180],"class_list":["post-18821","post","type-post","status-publish","format-standard","has-post-thumbnail","hentry","category-analog","category-kolej","category-rok-2006","tag-2006-07-13","tag-et21","tag-hala-peronowa","tag-pkp","tag-polska","tag-tab-pl240","tag-wroclaw","tag-wroclaw-glowny"],"_links":{"self":[{"href":"https:\/\/wgphoto.pl\/t\/index.php?rest_route=\/wp\/v2\/posts\/18821","targetHints":{"allow":["GET"]}}],"collection":[{"href":"https:\/\/wgphoto.pl\/t\/index.php?rest_route=\/wp\/v2\/posts"}],"about":[{"href":"https:\/\/wgphoto.pl\/t\/index.php?rest_route=\/wp\/v2\/types\/post"}],"author":[{"embeddable":true,"href":"https:\/\/wgphoto.pl\/t\/index.php?rest_route=\/wp\/v2\/users\/1"}],"replies":[{"embeddable":true,"href":"https:\/\/wgphoto.pl\/t\/index.php?rest_route=%2Fwp%2Fv2%2Fcomments&post=18821"}],"version-history":[{"count":1,"href":"https:\/\/wgphoto.pl\/t\/index.php?rest_route=\/wp\/v2\/posts\/18821\/revisions"}],"predecessor-version":[{"id":18823,"href":"https:\/\/wgphoto.pl\/t\/index.php?rest_route=\/wp\/v2\/posts\/18821\/revisions\/18823"}],"wp:featuredmedia":[{"embeddable":true,"href":"https:\/\/wgphoto.pl\/t\/index.php?rest_route=\/wp\/v2\/media\/18822"}],"wp:attachment":[{"href":"https:\/\/wgphoto.pl\/t\/index.php?rest_route=%2Fwp%2Fv2%2Fmedia&parent=18821"}],"wp:term":[{"taxonomy":"category","embeddable":true,"href":"https:\/\/wgphoto.pl\/t\/index.php?rest_route=%2Fwp%2Fv2%2Fcategories&post=18821"},{"taxonomy":"post_tag","embeddable":true,"href":"https:\/\/wgphoto.pl\/t\/index.php?rest_route=%2Fwp%2Fv2%2Ftags&post=18821"}],"curies":[{"name":"wp","href":"https:\/\/api.w.org\/{rel}","templated":true}]}}