{"id":18833,"date":"2025-06-17T11:03:01","date_gmt":"2025-06-17T09:03:01","guid":{"rendered":"https:\/\/wgphoto.pl\/t\/?p=18833"},"modified":"2025-06-17T11:03:01","modified_gmt":"2025-06-17T09:03:01","slug":"zaprzegubie","status":"publish","type":"post","link":"https:\/\/wgphoto.pl\/t\/?p=18833","title":{"rendered":"Zaprzegubie"},"content":{"rendered":"\n<figure class=\"wp-block-image aligncenter size-full\"><img loading=\"lazy\" decoding=\"async\" width=\"1200\" height=\"900\" src=\"https:\/\/wgphoto.pl\/t\/wp-content\/uploads\/2025\/06\/IMGP9055.jpg\" alt=\"\" class=\"wp-image-18834\" srcset=\"https:\/\/wgphoto.pl\/t\/wp-content\/uploads\/2025\/06\/IMGP9055.jpg 1200w, https:\/\/wgphoto.pl\/t\/wp-content\/uploads\/2025\/06\/IMGP9055-300x225.jpg 300w, https:\/\/wgphoto.pl\/t\/wp-content\/uploads\/2025\/06\/IMGP9055-768x576.jpg 768w\" sizes=\"auto, (max-width: 1200px) 100vw, 1200px\" \/><\/figure>\n\n\n\n<div class=\"wp-block-group has-global-padding is-layout-constrained wp-block-group-is-layout-constrained\">\n<p>Wn\u0119trze wagonu 102Na 2069 z kolekcji wroc\u0142awskiego KSTM. Na pewnej fotogalerii okre\u015blonoby to jako &#8222;salon do ty\u0142u&#8221;, ale zaprzegubie to te\u017c \u0142adne s\u0142owo. 14.04.2018<\/p>\n<\/div>\n","protected":false},"excerpt":{"rendered":"<p>Wn\u0119trze wagonu 102Na 2069 z kolekcji wroc\u0142awskiego KSTM. Na pewnej fotogalerii okre\u015blonoby to jako &#8222;salon do ty\u0142u&#8221;, ale zaprzegubie to te\u017c \u0142adne s\u0142owo. 14.04.2018<\/p>\n","protected":false},"author":1,"featured_media":18834,"comment_status":"open","ping_status":"","sticky":false,"template":"","format":"standard","meta":{"footnotes":""},"categories":[220,156,3],"tags":[4048,309,137,154,27,139,223,454,41],"class_list":["post-18833","post","type-post","status-publish","format-standard","has-post-thumbnail","hentry","category-blo","category-rok-2018","category-tramwaj","tag-2018-04-14","tag-konstal-102na","tag-kstm","tag-noc","tag-polska","tag-retro","tag-symetria","tag-wnetrza-pojazdow","tag-wroclaw"],"_links":{"self":[{"href":"https:\/\/wgphoto.pl\/t\/index.php?rest_route=\/wp\/v2\/posts\/18833","targetHints":{"allow":["GET"]}}],"collection":[{"href":"https:\/\/wgphoto.pl\/t\/index.php?rest_route=\/wp\/v2\/posts"}],"about":[{"href":"https:\/\/wgphoto.pl\/t\/index.php?rest_route=\/wp\/v2\/types\/post"}],"author":[{"embeddable":true,"href":"https:\/\/wgphoto.pl\/t\/index.php?rest_route=\/wp\/v2\/users\/1"}],"replies":[{"embeddable":true,"href":"https:\/\/wgphoto.pl\/t\/index.php?rest_route=%2Fwp%2Fv2%2Fcomments&post=18833"}],"version-history":[{"count":1,"href":"https:\/\/wgphoto.pl\/t\/index.php?rest_route=\/wp\/v2\/posts\/18833\/revisions"}],"predecessor-version":[{"id":18835,"href":"https:\/\/wgphoto.pl\/t\/index.php?rest_route=\/wp\/v2\/posts\/18833\/revisions\/18835"}],"wp:featuredmedia":[{"embeddable":true,"href":"https:\/\/wgphoto.pl\/t\/index.php?rest_route=\/wp\/v2\/media\/18834"}],"wp:attachment":[{"href":"https:\/\/wgphoto.pl\/t\/index.php?rest_route=%2Fwp%2Fv2%2Fmedia&parent=18833"}],"wp:term":[{"taxonomy":"category","embeddable":true,"href":"https:\/\/wgphoto.pl\/t\/index.php?rest_route=%2Fwp%2Fv2%2Fcategories&post=18833"},{"taxonomy":"post_tag","embeddable":true,"href":"https:\/\/wgphoto.pl\/t\/index.php?rest_route=%2Fwp%2Fv2%2Ftags&post=18833"}],"curies":[{"name":"wp","href":"https:\/\/api.w.org\/{rel}","templated":true}]}}