{"id":18836,"date":"2025-06-17T11:04:19","date_gmt":"2025-06-17T09:04:19","guid":{"rendered":"https:\/\/wgphoto.pl\/t\/?p=18836"},"modified":"2025-06-17T11:04:19","modified_gmt":"2025-06-17T09:04:19","slug":"su46-029-z-horka","status":"publish","type":"post","link":"https:\/\/wgphoto.pl\/t\/?p=18836","title":{"rendered":"SU46-029 z &#8222;Hork\u0105&#8221;"},"content":{"rendered":"\n<figure class=\"wp-block-image aligncenter size-full\"><img loading=\"lazy\" decoding=\"async\" width=\"1300\" height=\"813\" src=\"https:\/\/wgphoto.pl\/t\/wp-content\/uploads\/2025\/06\/0304-005A.jpg\" alt=\"\" class=\"wp-image-18837\" srcset=\"https:\/\/wgphoto.pl\/t\/wp-content\/uploads\/2025\/06\/0304-005A.jpg 1300w, https:\/\/wgphoto.pl\/t\/wp-content\/uploads\/2025\/06\/0304-005A-300x188.jpg 300w, https:\/\/wgphoto.pl\/t\/wp-content\/uploads\/2025\/06\/0304-005A-768x480.jpg 768w\" sizes=\"auto, (max-width: 1300px) 100vw, 1300px\" \/><\/figure>\n\n\n\n<div class=\"wp-block-group has-global-padding is-layout-constrained wp-block-group-is-layout-constrained\">\n<p>SU46-029 z poci\u0105giem z Horki zbli\u017ca si\u0119 do W\u0119gli\u0144ca. 08.02.2003<\/p>\n<\/div>\n","protected":false},"excerpt":{"rendered":"<p>SU46-029 z poci\u0105giem z Horki zbli\u017ca si\u0119 do W\u0119gli\u0144ca. 08.02.2003<\/p>\n","protected":false},"author":1,"featured_media":18837,"comment_status":"open","ping_status":"","sticky":false,"template":"","format":"standard","meta":{"footnotes":""},"categories":[62,2,149],"tags":[599,63,27,44,84,598],"class_list":["post-18836","post","type-post","status-publish","format-standard","has-post-thumbnail","hentry","category-analog","category-kolej","category-rok-2003","tag-2003-02-08","tag-pkp","tag-polska","tag-snieg","tag-su46","tag-wegliniec"],"_links":{"self":[{"href":"https:\/\/wgphoto.pl\/t\/index.php?rest_route=\/wp\/v2\/posts\/18836","targetHints":{"allow":["GET"]}}],"collection":[{"href":"https:\/\/wgphoto.pl\/t\/index.php?rest_route=\/wp\/v2\/posts"}],"about":[{"href":"https:\/\/wgphoto.pl\/t\/index.php?rest_route=\/wp\/v2\/types\/post"}],"author":[{"embeddable":true,"href":"https:\/\/wgphoto.pl\/t\/index.php?rest_route=\/wp\/v2\/users\/1"}],"replies":[{"embeddable":true,"href":"https:\/\/wgphoto.pl\/t\/index.php?rest_route=%2Fwp%2Fv2%2Fcomments&post=18836"}],"version-history":[{"count":1,"href":"https:\/\/wgphoto.pl\/t\/index.php?rest_route=\/wp\/v2\/posts\/18836\/revisions"}],"predecessor-version":[{"id":18838,"href":"https:\/\/wgphoto.pl\/t\/index.php?rest_route=\/wp\/v2\/posts\/18836\/revisions\/18838"}],"wp:featuredmedia":[{"embeddable":true,"href":"https:\/\/wgphoto.pl\/t\/index.php?rest_route=\/wp\/v2\/media\/18837"}],"wp:attachment":[{"href":"https:\/\/wgphoto.pl\/t\/index.php?rest_route=%2Fwp%2Fv2%2Fmedia&parent=18836"}],"wp:term":[{"taxonomy":"category","embeddable":true,"href":"https:\/\/wgphoto.pl\/t\/index.php?rest_route=%2Fwp%2Fv2%2Fcategories&post=18836"},{"taxonomy":"post_tag","embeddable":true,"href":"https:\/\/wgphoto.pl\/t\/index.php?rest_route=%2Fwp%2Fv2%2Ftags&post=18836"}],"curies":[{"name":"wp","href":"https:\/\/api.w.org\/{rel}","templated":true}]}}