{"id":18842,"date":"2025-06-17T11:06:16","date_gmt":"2025-06-17T09:06:16","guid":{"rendered":"https:\/\/wgphoto.pl\/t\/?p=18842"},"modified":"2025-06-17T11:06:16","modified_gmt":"2025-06-17T09:06:16","slug":"podworkowy-pociag-2","status":"publish","type":"post","link":"https:\/\/wgphoto.pl\/t\/?p=18842","title":{"rendered":"Podw\u00f3rkowy poci\u0105g"},"content":{"rendered":"\n<figure class=\"wp-block-image aligncenter size-full\"><img loading=\"lazy\" decoding=\"async\" width=\"1300\" height=\"870\" src=\"https:\/\/wgphoto.pl\/t\/wp-content\/uploads\/2025\/06\/IMGP7409-1.jpg\" alt=\"\" class=\"wp-image-18843\" srcset=\"https:\/\/wgphoto.pl\/t\/wp-content\/uploads\/2025\/06\/IMGP7409-1.jpg 1300w, https:\/\/wgphoto.pl\/t\/wp-content\/uploads\/2025\/06\/IMGP7409-1-300x201.jpg 300w, https:\/\/wgphoto.pl\/t\/wp-content\/uploads\/2025\/06\/IMGP7409-1-768x514.jpg 768w\" sizes=\"auto, (max-width: 1300px) 100vw, 1300px\" \/><\/figure>\n\n\n\n<div class=\"wp-block-group has-global-padding is-layout-constrained wp-block-group-is-layout-constrained\">\n<p>Luha\u010dovice. Nurek 754.042-0 na pierwszych metrach trasy poci\u0105gu Ex 528 &#8222;Velehrad&#8221; do Pragi. Poci\u0105g jad\u0105cy \u015brodkiem miejscowo\u015bci, pomi\u0119dzy dwiema ulicami, sprawia tu wra\u017cenie nieco &#8222;podw\u00f3rkowego&#8221;. 20.07.2009<\/p>\n<\/div>\n","protected":false},"excerpt":{"rendered":"<p>Luha\u010dovice. Nurek 754.042-0 na pierwszych metrach trasy poci\u0105gu Ex 528 &#8222;Velehrad&#8221; do Pragi. Poci\u0105g jad\u0105cy \u015brodkiem miejscowo\u015bci, pomi\u0119dzy dwiema ulicami, sprawia tu wra\u017cenie nieco &#8222;podw\u00f3rkowego&#8221;. 20.07.2009<\/p>\n","protected":false},"author":1,"featured_media":18843,"comment_status":"open","ping_status":"","sticky":false,"template":"","format":"standard","meta":{"footnotes":""},"categories":[2,169],"tags":[337,335,50,49,434,94,435],"class_list":["post-18842","post","type-post","status-publish","format-standard","has-post-thumbnail","hentry","category-kolej","category-rok-2009","tag-2009-07-20","tag-335","tag-cd","tag-czechy","tag-luhacovice","tag-na-kolejowym-koncu-swiata","tag-tab-cz346"],"_links":{"self":[{"href":"https:\/\/wgphoto.pl\/t\/index.php?rest_route=\/wp\/v2\/posts\/18842","targetHints":{"allow":["GET"]}}],"collection":[{"href":"https:\/\/wgphoto.pl\/t\/index.php?rest_route=\/wp\/v2\/posts"}],"about":[{"href":"https:\/\/wgphoto.pl\/t\/index.php?rest_route=\/wp\/v2\/types\/post"}],"author":[{"embeddable":true,"href":"https:\/\/wgphoto.pl\/t\/index.php?rest_route=\/wp\/v2\/users\/1"}],"replies":[{"embeddable":true,"href":"https:\/\/wgphoto.pl\/t\/index.php?rest_route=%2Fwp%2Fv2%2Fcomments&post=18842"}],"version-history":[{"count":1,"href":"https:\/\/wgphoto.pl\/t\/index.php?rest_route=\/wp\/v2\/posts\/18842\/revisions"}],"predecessor-version":[{"id":18844,"href":"https:\/\/wgphoto.pl\/t\/index.php?rest_route=\/wp\/v2\/posts\/18842\/revisions\/18844"}],"wp:featuredmedia":[{"embeddable":true,"href":"https:\/\/wgphoto.pl\/t\/index.php?rest_route=\/wp\/v2\/media\/18843"}],"wp:attachment":[{"href":"https:\/\/wgphoto.pl\/t\/index.php?rest_route=%2Fwp%2Fv2%2Fmedia&parent=18842"}],"wp:term":[{"taxonomy":"category","embeddable":true,"href":"https:\/\/wgphoto.pl\/t\/index.php?rest_route=%2Fwp%2Fv2%2Fcategories&post=18842"},{"taxonomy":"post_tag","embeddable":true,"href":"https:\/\/wgphoto.pl\/t\/index.php?rest_route=%2Fwp%2Fv2%2Ftags&post=18842"}],"curies":[{"name":"wp","href":"https:\/\/api.w.org\/{rel}","templated":true}]}}