{"id":18845,"date":"2025-06-17T11:07:04","date_gmt":"2025-06-17T09:07:04","guid":{"rendered":"https:\/\/wgphoto.pl\/t\/?p=18845"},"modified":"2025-06-17T11:07:04","modified_gmt":"2025-06-17T09:07:04","slug":"mijanka-w-miloticach","status":"publish","type":"post","link":"https:\/\/wgphoto.pl\/t\/?p=18845","title":{"rendered":"Mijanka w Miloticach"},"content":{"rendered":"\n<figure class=\"wp-block-image aligncenter size-full\"><img loading=\"lazy\" decoding=\"async\" width=\"1300\" height=\"870\" src=\"https:\/\/wgphoto.pl\/t\/wp-content\/uploads\/2025\/06\/IMGP7205.jpg\" alt=\"\" class=\"wp-image-18846\" srcset=\"https:\/\/wgphoto.pl\/t\/wp-content\/uploads\/2025\/06\/IMGP7205.jpg 1300w, https:\/\/wgphoto.pl\/t\/wp-content\/uploads\/2025\/06\/IMGP7205-300x201.jpg 300w, https:\/\/wgphoto.pl\/t\/wp-content\/uploads\/2025\/06\/IMGP7205-768x514.jpg 768w\" sizes=\"auto, (max-width: 1300px) 100vw, 1300px\" \/><\/figure>\n\n\n\n<div class=\"wp-block-group has-global-padding is-layout-constrained wp-block-group-is-layout-constrained\">\n<p>Na stacj\u0119 Milotice nad Opavou wje\u017cd\u017ca rychlik 824 relacji Ostrava-Svinov &#8211; Olomouc hl.n., prowadzony wagonem sterowniczym serii 954. Z lewej stoi poci\u0105g osobowy 3559 relacji Brunt\u00e1l &#8211; Opava v\u00fdchod w sk\u0142adzie 810.009 z doczep\u0105, a za nim schowany jest kolejny motorak, kt\u00f3ry przyjecha\u0142 z Vrbna pod Prad\u011bdem i zaraz tam wr\u00f3ci. 18.07.2009<\/p>\n<\/div>\n","protected":false},"excerpt":{"rendered":"<p>Na stacj\u0119 Milotice nad Opavou wje\u017cd\u017ca rychlik 824 relacji Ostrava-Svinov &#8211; Olomouc hl.n., prowadzony wagonem sterowniczym serii 954. Z lewej stoi poci\u0105g osobowy 3559 relacji Brunt\u00e1l &#8211; Opava v\u00fdchod w sk\u0142adzie 810.009 z doczep\u0105, a za nim schowany jest kolejny motorak, kt\u00f3ry przyjecha\u0142 z Vrbna pod Prad\u011bdem i zaraz tam wr\u00f3ci. 18.07.2009<\/p>\n","protected":false},"author":1,"featured_media":18846,"comment_status":"open","ping_status":"","sticky":false,"template":"","format":"standard","meta":{"footnotes":""},"categories":[2,169],"tags":[620,92,1868,50,49,151,3618,1186,1141,1869],"class_list":["post-18845","post","type-post","status-publish","format-standard","has-post-thumbnail","hentry","category-kolej","category-rok-2009","tag-2009-07-18","tag-92","tag-1868","tag-cd","tag-czechy","tag-ludzie","tag-milotice-nad-opavou","tag-na-wsiadanego","tag-tab-cz310","tag-wagon-sterowniczy"],"_links":{"self":[{"href":"https:\/\/wgphoto.pl\/t\/index.php?rest_route=\/wp\/v2\/posts\/18845","targetHints":{"allow":["GET"]}}],"collection":[{"href":"https:\/\/wgphoto.pl\/t\/index.php?rest_route=\/wp\/v2\/posts"}],"about":[{"href":"https:\/\/wgphoto.pl\/t\/index.php?rest_route=\/wp\/v2\/types\/post"}],"author":[{"embeddable":true,"href":"https:\/\/wgphoto.pl\/t\/index.php?rest_route=\/wp\/v2\/users\/1"}],"replies":[{"embeddable":true,"href":"https:\/\/wgphoto.pl\/t\/index.php?rest_route=%2Fwp%2Fv2%2Fcomments&post=18845"}],"version-history":[{"count":1,"href":"https:\/\/wgphoto.pl\/t\/index.php?rest_route=\/wp\/v2\/posts\/18845\/revisions"}],"predecessor-version":[{"id":18847,"href":"https:\/\/wgphoto.pl\/t\/index.php?rest_route=\/wp\/v2\/posts\/18845\/revisions\/18847"}],"wp:featuredmedia":[{"embeddable":true,"href":"https:\/\/wgphoto.pl\/t\/index.php?rest_route=\/wp\/v2\/media\/18846"}],"wp:attachment":[{"href":"https:\/\/wgphoto.pl\/t\/index.php?rest_route=%2Fwp%2Fv2%2Fmedia&parent=18845"}],"wp:term":[{"taxonomy":"category","embeddable":true,"href":"https:\/\/wgphoto.pl\/t\/index.php?rest_route=%2Fwp%2Fv2%2Fcategories&post=18845"},{"taxonomy":"post_tag","embeddable":true,"href":"https:\/\/wgphoto.pl\/t\/index.php?rest_route=%2Fwp%2Fv2%2Ftags&post=18845"}],"curies":[{"name":"wp","href":"https:\/\/api.w.org\/{rel}","templated":true}]}}