{"id":18851,"date":"2025-06-17T11:10:41","date_gmt":"2025-06-17T09:10:41","guid":{"rendered":"https:\/\/wgphoto.pl\/t\/?p=18851"},"modified":"2025-06-17T11:10:41","modified_gmt":"2025-06-17T09:10:41","slug":"malomiasteczkowo-2","status":"publish","type":"post","link":"https:\/\/wgphoto.pl\/t\/?p=18851","title":{"rendered":"Ma\u0142omiasteczkowo"},"content":{"rendered":"\n<figure class=\"wp-block-image aligncenter size-full\"><img loading=\"lazy\" decoding=\"async\" width=\"1300\" height=\"870\" src=\"https:\/\/wgphoto.pl\/t\/wp-content\/uploads\/2025\/06\/IMGP9718.jpg\" alt=\"\" class=\"wp-image-18852\" srcset=\"https:\/\/wgphoto.pl\/t\/wp-content\/uploads\/2025\/06\/IMGP9718.jpg 1300w, https:\/\/wgphoto.pl\/t\/wp-content\/uploads\/2025\/06\/IMGP9718-300x201.jpg 300w, https:\/\/wgphoto.pl\/t\/wp-content\/uploads\/2025\/06\/IMGP9718-768x514.jpg 768w\" sizes=\"auto, (max-width: 1300px) 100vw, 1300px\" \/><\/figure>\n\n\n\n<div class=\"wp-block-group has-global-padding is-layout-constrained wp-block-group-is-layout-constrained\">\n<p>Plauen, Mozartstra\u00dfe, KT4DMC 240. Ma\u0142omiasteczkowo, cho\u0107 takiej architektury niejedno wi\u0119ksze miasto by si\u0119 nie powstydzi\u0142o. 10.09.2009<\/p>\n<\/div>\n","protected":false},"excerpt":{"rendered":"<p>Plauen, Mozartstra\u00dfe, KT4DMC 240. Ma\u0142omiasteczkowo, cho\u0107 takiej architektury niejedno wi\u0119ksze miasto by si\u0119 nie powstydzi\u0142o. 10.09.2009<\/p>\n","protected":false},"author":1,"featured_media":18852,"comment_status":"open","ping_status":"","sticky":false,"template":"","format":"standard","meta":{"footnotes":""},"categories":[169,3],"tags":[490,34,23,489,488,33],"class_list":["post-18851","post","type-post","status-publish","format-standard","has-post-thumbnail","hentry","category-rok-2009","category-tramwaj","tag-2009-09-10","tag-architektura","tag-niemcy","tag-plauen","tag-psb-plauen","tag-tatra-kt4"],"_links":{"self":[{"href":"https:\/\/wgphoto.pl\/t\/index.php?rest_route=\/wp\/v2\/posts\/18851","targetHints":{"allow":["GET"]}}],"collection":[{"href":"https:\/\/wgphoto.pl\/t\/index.php?rest_route=\/wp\/v2\/posts"}],"about":[{"href":"https:\/\/wgphoto.pl\/t\/index.php?rest_route=\/wp\/v2\/types\/post"}],"author":[{"embeddable":true,"href":"https:\/\/wgphoto.pl\/t\/index.php?rest_route=\/wp\/v2\/users\/1"}],"replies":[{"embeddable":true,"href":"https:\/\/wgphoto.pl\/t\/index.php?rest_route=%2Fwp%2Fv2%2Fcomments&post=18851"}],"version-history":[{"count":1,"href":"https:\/\/wgphoto.pl\/t\/index.php?rest_route=\/wp\/v2\/posts\/18851\/revisions"}],"predecessor-version":[{"id":18853,"href":"https:\/\/wgphoto.pl\/t\/index.php?rest_route=\/wp\/v2\/posts\/18851\/revisions\/18853"}],"wp:featuredmedia":[{"embeddable":true,"href":"https:\/\/wgphoto.pl\/t\/index.php?rest_route=\/wp\/v2\/media\/18852"}],"wp:attachment":[{"href":"https:\/\/wgphoto.pl\/t\/index.php?rest_route=%2Fwp%2Fv2%2Fmedia&parent=18851"}],"wp:term":[{"taxonomy":"category","embeddable":true,"href":"https:\/\/wgphoto.pl\/t\/index.php?rest_route=%2Fwp%2Fv2%2Fcategories&post=18851"},{"taxonomy":"post_tag","embeddable":true,"href":"https:\/\/wgphoto.pl\/t\/index.php?rest_route=%2Fwp%2Fv2%2Ftags&post=18851"}],"curies":[{"name":"wp","href":"https:\/\/api.w.org\/{rel}","templated":true}]}}