{"id":18854,"date":"2025-06-17T11:11:25","date_gmt":"2025-06-17T09:11:25","guid":{"rendered":"https:\/\/wgphoto.pl\/t\/?p=18854"},"modified":"2025-06-17T11:11:25","modified_gmt":"2025-06-17T09:11:25","slug":"et22-080","status":"publish","type":"post","link":"https:\/\/wgphoto.pl\/t\/?p=18854","title":{"rendered":"ET22-080"},"content":{"rendered":"\n<figure class=\"wp-block-image aligncenter size-full\"><img loading=\"lazy\" decoding=\"async\" width=\"1200\" height=\"800\" src=\"https:\/\/wgphoto.pl\/t\/wp-content\/uploads\/2025\/06\/0503-34.jpg\" alt=\"\" class=\"wp-image-18855\" srcset=\"https:\/\/wgphoto.pl\/t\/wp-content\/uploads\/2025\/06\/0503-34.jpg 1200w, https:\/\/wgphoto.pl\/t\/wp-content\/uploads\/2025\/06\/0503-34-300x200.jpg 300w, https:\/\/wgphoto.pl\/t\/wp-content\/uploads\/2025\/06\/0503-34-768x512.jpg 768w\" sizes=\"auto, (max-width: 1200px) 100vw, 1200px\" \/><\/figure>\n\n\n\n<div class=\"wp-block-group has-global-padding is-layout-constrained wp-block-group-is-layout-constrained\">\n<p>Wroc\u0142awska maszyna ET22-080 z poci\u0105giem osobowym 67931 relacji Wroc\u0142aw G\u0142. &#8211; Pozna\u0144 G\u0142. w czasie postoju na przystanku Pozna\u0144 D\u0119biec. 24.02.2005<\/p>\n<\/div>\n","protected":false},"excerpt":{"rendered":"<p>Wroc\u0142awska maszyna ET22-080 z poci\u0105giem osobowym 67931 relacji Wroc\u0142aw G\u0142. &#8211; Pozna\u0144 G\u0142. w czasie postoju na przystanku Pozna\u0144 D\u0119biec. 24.02.2005<\/p>\n","protected":false},"author":1,"featured_media":18855,"comment_status":"open","ping_status":"","sticky":false,"template":"","format":"standard","meta":{"footnotes":""},"categories":[62,2,311],"tags":[2734,26,63,27,235,4050,44,190],"class_list":["post-18854","post","type-post","status-publish","format-standard","has-post-thumbnail","hentry","category-analog","category-kolej","category-rok-2005","tag-2005-02-24","tag-et22","tag-pkp","tag-polska","tag-poznan","tag-poznan-debiec","tag-snieg","tag-tab-pl330"],"_links":{"self":[{"href":"https:\/\/wgphoto.pl\/t\/index.php?rest_route=\/wp\/v2\/posts\/18854","targetHints":{"allow":["GET"]}}],"collection":[{"href":"https:\/\/wgphoto.pl\/t\/index.php?rest_route=\/wp\/v2\/posts"}],"about":[{"href":"https:\/\/wgphoto.pl\/t\/index.php?rest_route=\/wp\/v2\/types\/post"}],"author":[{"embeddable":true,"href":"https:\/\/wgphoto.pl\/t\/index.php?rest_route=\/wp\/v2\/users\/1"}],"replies":[{"embeddable":true,"href":"https:\/\/wgphoto.pl\/t\/index.php?rest_route=%2Fwp%2Fv2%2Fcomments&post=18854"}],"version-history":[{"count":1,"href":"https:\/\/wgphoto.pl\/t\/index.php?rest_route=\/wp\/v2\/posts\/18854\/revisions"}],"predecessor-version":[{"id":18856,"href":"https:\/\/wgphoto.pl\/t\/index.php?rest_route=\/wp\/v2\/posts\/18854\/revisions\/18856"}],"wp:featuredmedia":[{"embeddable":true,"href":"https:\/\/wgphoto.pl\/t\/index.php?rest_route=\/wp\/v2\/media\/18855"}],"wp:attachment":[{"href":"https:\/\/wgphoto.pl\/t\/index.php?rest_route=%2Fwp%2Fv2%2Fmedia&parent=18854"}],"wp:term":[{"taxonomy":"category","embeddable":true,"href":"https:\/\/wgphoto.pl\/t\/index.php?rest_route=%2Fwp%2Fv2%2Fcategories&post=18854"},{"taxonomy":"post_tag","embeddable":true,"href":"https:\/\/wgphoto.pl\/t\/index.php?rest_route=%2Fwp%2Fv2%2Ftags&post=18854"}],"curies":[{"name":"wp","href":"https:\/\/api.w.org\/{rel}","templated":true}]}}