{"id":18860,"date":"2025-06-17T11:13:06","date_gmt":"2025-06-17T09:13:06","guid":{"rendered":"https:\/\/wgphoto.pl\/t\/?p=18860"},"modified":"2025-06-17T11:13:06","modified_gmt":"2025-06-17T09:13:06","slug":"dobry-wieczor-2","status":"publish","type":"post","link":"https:\/\/wgphoto.pl\/t\/?p=18860","title":{"rendered":"Dobry wiecz\u00f3r"},"content":{"rendered":"\n<figure class=\"wp-block-image aligncenter size-full\"><img loading=\"lazy\" decoding=\"async\" width=\"773\" height=\"1000\" src=\"https:\/\/wgphoto.pl\/t\/wp-content\/uploads\/2025\/06\/IMGP9692.jpg\" alt=\"\" class=\"wp-image-18861\" srcset=\"https:\/\/wgphoto.pl\/t\/wp-content\/uploads\/2025\/06\/IMGP9692.jpg 773w, https:\/\/wgphoto.pl\/t\/wp-content\/uploads\/2025\/06\/IMGP9692-232x300.jpg 232w, https:\/\/wgphoto.pl\/t\/wp-content\/uploads\/2025\/06\/IMGP9692-768x994.jpg 768w\" sizes=\"auto, (max-width: 773px) 100vw, 773px\" \/><\/figure>\n\n\n\n<div class=\"wp-block-group has-global-padding is-layout-constrained wp-block-group-is-layout-constrained\">\n<p>Frankfurt nad Menem, Paulsplatz, Bomberdier Flexity Classic nr 230. Zmierzch przyszed\u0142 za wcze\u015bnie, a wiecz\u00f3r trwa\u0142 jeszcze d\u0142ugo, gdy\u017c wieczorne fotografowanie miasta wci\u0105gn\u0119\u0142o mnie bardziej ni\u017c planowa\u0142em. 25.08.2022<\/p>\n<\/div>\n","protected":false},"excerpt":{"rendered":"<p>Frankfurt nad Menem, Paulsplatz, Bomberdier Flexity Classic nr 230. Zmierzch przyszed\u0142 za wcze\u015bnie, a wiecz\u00f3r trwa\u0142 jeszcze d\u0142ugo, gdy\u017c wieczorne fotografowanie miasta wci\u0105gn\u0119\u0142o mnie bardziej ni\u017c planowa\u0142em. 25.08.2022<\/p>\n","protected":false},"author":1,"featured_media":18861,"comment_status":"open","ping_status":"","sticky":false,"template":"","format":"standard","meta":{"footnotes":""},"categories":[128,669,3],"tags":[1292,1282,91,1126,3981,23,90],"class_list":["post-18860","post","type-post","status-publish","format-standard","has-post-thumbnail","hentry","category-pionowe","category-rok-2022","category-tramwaj","tag-2022-08-25","tag-9-euro-ticket-2022","tag-blue-hour","tag-bombardier-flexity-classic","tag-frankfurt-main","tag-niemcy","tag-wieczorem"],"_links":{"self":[{"href":"https:\/\/wgphoto.pl\/t\/index.php?rest_route=\/wp\/v2\/posts\/18860","targetHints":{"allow":["GET"]}}],"collection":[{"href":"https:\/\/wgphoto.pl\/t\/index.php?rest_route=\/wp\/v2\/posts"}],"about":[{"href":"https:\/\/wgphoto.pl\/t\/index.php?rest_route=\/wp\/v2\/types\/post"}],"author":[{"embeddable":true,"href":"https:\/\/wgphoto.pl\/t\/index.php?rest_route=\/wp\/v2\/users\/1"}],"replies":[{"embeddable":true,"href":"https:\/\/wgphoto.pl\/t\/index.php?rest_route=%2Fwp%2Fv2%2Fcomments&post=18860"}],"version-history":[{"count":1,"href":"https:\/\/wgphoto.pl\/t\/index.php?rest_route=\/wp\/v2\/posts\/18860\/revisions"}],"predecessor-version":[{"id":18862,"href":"https:\/\/wgphoto.pl\/t\/index.php?rest_route=\/wp\/v2\/posts\/18860\/revisions\/18862"}],"wp:featuredmedia":[{"embeddable":true,"href":"https:\/\/wgphoto.pl\/t\/index.php?rest_route=\/wp\/v2\/media\/18861"}],"wp:attachment":[{"href":"https:\/\/wgphoto.pl\/t\/index.php?rest_route=%2Fwp%2Fv2%2Fmedia&parent=18860"}],"wp:term":[{"taxonomy":"category","embeddable":true,"href":"https:\/\/wgphoto.pl\/t\/index.php?rest_route=%2Fwp%2Fv2%2Fcategories&post=18860"},{"taxonomy":"post_tag","embeddable":true,"href":"https:\/\/wgphoto.pl\/t\/index.php?rest_route=%2Fwp%2Fv2%2Ftags&post=18860"}],"curies":[{"name":"wp","href":"https:\/\/api.w.org\/{rel}","templated":true}]}}