{"id":18889,"date":"2025-06-17T11:23:25","date_gmt":"2025-06-17T09:23:25","guid":{"rendered":"https:\/\/wgphoto.pl\/t\/?p=18889"},"modified":"2025-06-17T11:23:25","modified_gmt":"2025-06-17T09:23:25","slug":"szkoda","status":"publish","type":"post","link":"https:\/\/wgphoto.pl\/t\/?p=18889","title":{"rendered":"Szkoda"},"content":{"rendered":"\n<figure class=\"wp-block-image aligncenter size-full\"><img loading=\"lazy\" decoding=\"async\" width=\"1300\" height=\"867\" src=\"https:\/\/wgphoto.pl\/t\/wp-content\/uploads\/2025\/06\/IMGP8767.jpg\" alt=\"\" class=\"wp-image-18890\" srcset=\"https:\/\/wgphoto.pl\/t\/wp-content\/uploads\/2025\/06\/IMGP8767.jpg 1300w, https:\/\/wgphoto.pl\/t\/wp-content\/uploads\/2025\/06\/IMGP8767-300x200.jpg 300w, https:\/\/wgphoto.pl\/t\/wp-content\/uploads\/2025\/06\/IMGP8767-768x512.jpg 768w\" sizes=\"auto, (max-width: 1300px) 100vw, 1300px\" \/><\/figure>\n\n\n\n<div class=\"wp-block-group has-global-padding is-layout-constrained wp-block-group-is-layout-constrained\">\n<p>\u2026i nie chodzi bynajmniej o samoch\u00f3d na drodze. Szkoda, \u017ce wyj\u0105tkowo nie mam RAW-a (jest uszkodzony &#8211; K10D niestety lubi\u0142 robi\u0107 takie niespodzianki raz na kilkaset strza\u0142\u00f3w) i nie mog\u0119 obrobi\u0107 tego zdj\u0119cia tak jak chcia\u0142bym oraz mniejsza szkoda, \u017ce motoraki nie ustawi\u0142y si\u0119 w odwrotnej kolejno\u015bci, bo do pleneru bardziej pasowa\u0142by czerwono-kremowy. A c\u00f3\u017c to za plener? To jedna z fajniejszych lokalek \u010c\u00e1slav &#8211; T\u0159emo\u0161nice. Poci\u0105g osobowy 15922 relacji T\u0159emo\u0161nice &#8211; \u010c\u00e1slav, prowadzony 810.635-3, zosta\u0142 z\u0142apany na odcinku Skovice Vrdy-Koudelov. 20.06.2012<\/p>\n<\/div>\n","protected":false},"excerpt":{"rendered":"<p>\u2026i nie chodzi bynajmniej o samoch\u00f3d na drodze. Szkoda, \u017ce wyj\u0105tkowo nie mam RAW-a (jest uszkodzony &#8211; K10D niestety lubi\u0142 robi\u0107 takie niespodzianki raz na kilkaset strza\u0142\u00f3w) i nie mog\u0119 obrobi\u0107 tego zdj\u0119cia tak jak chcia\u0142bym oraz mniejsza szkoda, \u017ce motoraki nie ustawi\u0142y si\u0119 w odwrotnej kolejno\u015bci, bo do pleneru bardziej pasowa\u0142by czerwono-kremowy. A c\u00f3\u017c [&hellip;]<\/p>\n","protected":false},"author":1,"featured_media":18890,"comment_status":"open","ping_status":"","sticky":false,"template":"","format":"standard","meta":{"footnotes":""},"categories":[2,46],"tags":[1733,92,418,50,49,196,1732,1734,4060],"class_list":["post-18889","post","type-post","status-publish","format-standard","has-post-thumbnail","hentry","category-kolej","category-rok-2012","tag-2012-06-20","tag-92","tag-auto","tag-cd","tag-czechy","tag-linie-raczej-lokalne","tag-skovice","tag-tab-cz236","tag-vrdy-koudelov"],"_links":{"self":[{"href":"https:\/\/wgphoto.pl\/t\/index.php?rest_route=\/wp\/v2\/posts\/18889","targetHints":{"allow":["GET"]}}],"collection":[{"href":"https:\/\/wgphoto.pl\/t\/index.php?rest_route=\/wp\/v2\/posts"}],"about":[{"href":"https:\/\/wgphoto.pl\/t\/index.php?rest_route=\/wp\/v2\/types\/post"}],"author":[{"embeddable":true,"href":"https:\/\/wgphoto.pl\/t\/index.php?rest_route=\/wp\/v2\/users\/1"}],"replies":[{"embeddable":true,"href":"https:\/\/wgphoto.pl\/t\/index.php?rest_route=%2Fwp%2Fv2%2Fcomments&post=18889"}],"version-history":[{"count":1,"href":"https:\/\/wgphoto.pl\/t\/index.php?rest_route=\/wp\/v2\/posts\/18889\/revisions"}],"predecessor-version":[{"id":18891,"href":"https:\/\/wgphoto.pl\/t\/index.php?rest_route=\/wp\/v2\/posts\/18889\/revisions\/18891"}],"wp:featuredmedia":[{"embeddable":true,"href":"https:\/\/wgphoto.pl\/t\/index.php?rest_route=\/wp\/v2\/media\/18890"}],"wp:attachment":[{"href":"https:\/\/wgphoto.pl\/t\/index.php?rest_route=%2Fwp%2Fv2%2Fmedia&parent=18889"}],"wp:term":[{"taxonomy":"category","embeddable":true,"href":"https:\/\/wgphoto.pl\/t\/index.php?rest_route=%2Fwp%2Fv2%2Fcategories&post=18889"},{"taxonomy":"post_tag","embeddable":true,"href":"https:\/\/wgphoto.pl\/t\/index.php?rest_route=%2Fwp%2Fv2%2Ftags&post=18889"}],"curies":[{"name":"wp","href":"https:\/\/api.w.org\/{rel}","templated":true}]}}