{"id":18892,"date":"2025-06-17T11:24:19","date_gmt":"2025-06-17T09:24:19","guid":{"rendered":"https:\/\/wgphoto.pl\/t\/?p=18892"},"modified":"2025-06-17T11:24:19","modified_gmt":"2025-06-17T09:24:19","slug":"sp42-151-kamienna-gora","status":"publish","type":"post","link":"https:\/\/wgphoto.pl\/t\/?p=18892","title":{"rendered":"SP42-151, Kamienna G\u00f3ra"},"content":{"rendered":"\n<figure class=\"wp-block-image aligncenter size-full\"><img loading=\"lazy\" decoding=\"async\" width=\"1300\" height=\"862\" src=\"https:\/\/wgphoto.pl\/t\/wp-content\/uploads\/2025\/06\/0404-03.jpg\" alt=\"\" class=\"wp-image-18893\" srcset=\"https:\/\/wgphoto.pl\/t\/wp-content\/uploads\/2025\/06\/0404-03.jpg 1300w, https:\/\/wgphoto.pl\/t\/wp-content\/uploads\/2025\/06\/0404-03-300x199.jpg 300w, https:\/\/wgphoto.pl\/t\/wp-content\/uploads\/2025\/06\/0404-03-768x509.jpg 768w\" sizes=\"auto, (max-width: 1300px) 100vw, 1300px\" \/><\/figure>\n\n\n\n<div class=\"wp-block-group has-global-padding is-layout-constrained wp-block-group-is-layout-constrained\">\n<p>SP42-151 z poci\u0105giem osobowym 7735 z Lubawki do Jeleniej G\u00f3ry wje\u017cd\u017ca na stacj\u0119 w Kamiennej G\u00f3rze. To uj\u0119cie mo\u017cna by zrobi\u0107 &#8222;na wsiadanego&#8221;, ale z braku konieczno\u015bci wsiadania d\u0142ugo nie mia\u0142em takiego w swoich zbiorach. 28.03.2004<\/p>\n<\/div>\n","protected":false},"excerpt":{"rendered":"<p>SP42-151 z poci\u0105giem osobowym 7735 z Lubawki do Jeleniej G\u00f3ry wje\u017cd\u017ca na stacj\u0119 w Kamiennej G\u00f3rze. To uj\u0119cie mo\u017cna by zrobi\u0107 &#8222;na wsiadanego&#8221;, ale z braku konieczno\u015bci wsiadania d\u0142ugo nie mia\u0142em takiego w swoich zbiorach. 28.03.2004<\/p>\n","protected":false},"author":1,"featured_media":18893,"comment_status":"open","ping_status":"","sticky":false,"template":"","format":"standard","meta":{"footnotes":""},"categories":[62,2,61],"tags":[4061,629,63,27,316,53,627],"class_list":["post-18892","post","type-post","status-publish","format-standard","has-post-thumbnail","hentry","category-analog","category-kolej","category-rok-2004","tag-2004-03-28","tag-kamienna-gora","tag-pkp","tag-polska","tag-sp42","tag-sygnalizacja-ksztaltowa","tag-tab-pl247"],"_links":{"self":[{"href":"https:\/\/wgphoto.pl\/t\/index.php?rest_route=\/wp\/v2\/posts\/18892","targetHints":{"allow":["GET"]}}],"collection":[{"href":"https:\/\/wgphoto.pl\/t\/index.php?rest_route=\/wp\/v2\/posts"}],"about":[{"href":"https:\/\/wgphoto.pl\/t\/index.php?rest_route=\/wp\/v2\/types\/post"}],"author":[{"embeddable":true,"href":"https:\/\/wgphoto.pl\/t\/index.php?rest_route=\/wp\/v2\/users\/1"}],"replies":[{"embeddable":true,"href":"https:\/\/wgphoto.pl\/t\/index.php?rest_route=%2Fwp%2Fv2%2Fcomments&post=18892"}],"version-history":[{"count":1,"href":"https:\/\/wgphoto.pl\/t\/index.php?rest_route=\/wp\/v2\/posts\/18892\/revisions"}],"predecessor-version":[{"id":18894,"href":"https:\/\/wgphoto.pl\/t\/index.php?rest_route=\/wp\/v2\/posts\/18892\/revisions\/18894"}],"wp:featuredmedia":[{"embeddable":true,"href":"https:\/\/wgphoto.pl\/t\/index.php?rest_route=\/wp\/v2\/media\/18893"}],"wp:attachment":[{"href":"https:\/\/wgphoto.pl\/t\/index.php?rest_route=%2Fwp%2Fv2%2Fmedia&parent=18892"}],"wp:term":[{"taxonomy":"category","embeddable":true,"href":"https:\/\/wgphoto.pl\/t\/index.php?rest_route=%2Fwp%2Fv2%2Fcategories&post=18892"},{"taxonomy":"post_tag","embeddable":true,"href":"https:\/\/wgphoto.pl\/t\/index.php?rest_route=%2Fwp%2Fv2%2Ftags&post=18892"}],"curies":[{"name":"wp","href":"https:\/\/api.w.org\/{rel}","templated":true}]}}