{"id":1893,"date":"2024-10-07T16:41:05","date_gmt":"2024-10-07T14:41:05","guid":{"rendered":"https:\/\/wgphoto.pl\/t\/?p=1893"},"modified":"2024-10-07T16:41:05","modified_gmt":"2024-10-07T14:41:05","slug":"burtram-na-deptaku","status":"publish","type":"post","link":"https:\/\/wgphoto.pl\/t\/?p=1893","title":{"rendered":"Burtram na deptaku"},"content":{"rendered":"\n<figure class=\"wp-block-image aligncenter size-full\"><img loading=\"lazy\" decoding=\"async\" width=\"1200\" height=\"795\" src=\"https:\/\/wgphoto.pl\/t\/wp-content\/uploads\/2024\/10\/IMGP7838.jpg\" alt=\"\" class=\"wp-image-1894\" srcset=\"https:\/\/wgphoto.pl\/t\/wp-content\/uploads\/2024\/10\/IMGP7838.jpg 1200w, https:\/\/wgphoto.pl\/t\/wp-content\/uploads\/2024\/10\/IMGP7838-300x199.jpg 300w, https:\/\/wgphoto.pl\/t\/wp-content\/uploads\/2024\/10\/IMGP7838-768x509.jpg 768w\" sizes=\"auto, (max-width: 1200px) 100vw, 1200px\" \/><\/figure>\n\n\n\n<div class=\"wp-block-group has-global-padding is-layout-constrained wp-block-group-is-layout-constrained\">\n<p>Bursa, Cumhuriyet Caddesi, z meczetem Yi\u011fit K\u00f6hne w tle. Mo\u017cna tak\u017ce zaobserwowa\u0107 infrastruktur\u0119 przystankow\u0105: s\u0142upek na latarni i ekran dynamicznej informacji pasa\u017cerskiej po prawej stronie. 09.10.2016<\/p>\n<\/div>\n","protected":false},"excerpt":{"rendered":"<p>Bursa, Cumhuriyet Caddesi, z meczetem Yi\u011fit K\u00f6hne w tle. Mo\u017cna tak\u017ce zaobserwowa\u0107 infrastruktur\u0119 przystankow\u0105: s\u0142upek na latarni i ekran dynamicznej informacji pasa\u017cerskiej po prawej stronie. 09.10.2016<\/p>\n","protected":false},"author":1,"featured_media":1894,"comment_status":"open","ping_status":"","sticky":false,"template":"","format":"standard","meta":{"footnotes":""},"categories":[125,3],"tags":[987,34,986,239,985,494,927,931],"class_list":["post-1893","post","type-post","status-publish","format-standard","has-post-thumbnail","hentry","category-rok-2016","category-tramwaj","tag-2016-10-09","tag-architektura","tag-bursa","tag-deptak","tag-duewag-nx-mx","tag-flaga","tag-turcja","tag-turcja-2016"],"_links":{"self":[{"href":"https:\/\/wgphoto.pl\/t\/index.php?rest_route=\/wp\/v2\/posts\/1893","targetHints":{"allow":["GET"]}}],"collection":[{"href":"https:\/\/wgphoto.pl\/t\/index.php?rest_route=\/wp\/v2\/posts"}],"about":[{"href":"https:\/\/wgphoto.pl\/t\/index.php?rest_route=\/wp\/v2\/types\/post"}],"author":[{"embeddable":true,"href":"https:\/\/wgphoto.pl\/t\/index.php?rest_route=\/wp\/v2\/users\/1"}],"replies":[{"embeddable":true,"href":"https:\/\/wgphoto.pl\/t\/index.php?rest_route=%2Fwp%2Fv2%2Fcomments&post=1893"}],"version-history":[{"count":1,"href":"https:\/\/wgphoto.pl\/t\/index.php?rest_route=\/wp\/v2\/posts\/1893\/revisions"}],"predecessor-version":[{"id":1895,"href":"https:\/\/wgphoto.pl\/t\/index.php?rest_route=\/wp\/v2\/posts\/1893\/revisions\/1895"}],"wp:featuredmedia":[{"embeddable":true,"href":"https:\/\/wgphoto.pl\/t\/index.php?rest_route=\/wp\/v2\/media\/1894"}],"wp:attachment":[{"href":"https:\/\/wgphoto.pl\/t\/index.php?rest_route=%2Fwp%2Fv2%2Fmedia&parent=1893"}],"wp:term":[{"taxonomy":"category","embeddable":true,"href":"https:\/\/wgphoto.pl\/t\/index.php?rest_route=%2Fwp%2Fv2%2Fcategories&post=1893"},{"taxonomy":"post_tag","embeddable":true,"href":"https:\/\/wgphoto.pl\/t\/index.php?rest_route=%2Fwp%2Fv2%2Ftags&post=1893"}],"curies":[{"name":"wp","href":"https:\/\/api.w.org\/{rel}","templated":true}]}}