{"id":18931,"date":"2025-06-25T18:59:19","date_gmt":"2025-06-25T16:59:19","guid":{"rendered":"https:\/\/wgphoto.pl\/t\/?p=18931"},"modified":"2025-06-25T18:59:19","modified_gmt":"2025-06-25T16:59:19","slug":"pierwszenstwo","status":"publish","type":"post","link":"https:\/\/wgphoto.pl\/t\/?p=18931","title":{"rendered":"Pierwsze\u0144stwo"},"content":{"rendered":"\n<figure class=\"wp-block-image aligncenter size-full\"><img loading=\"lazy\" decoding=\"async\" width=\"1333\" height=\"1000\" src=\"https:\/\/wgphoto.pl\/t\/wp-content\/uploads\/2025\/06\/IMGP9793.jpg\" alt=\"\" class=\"wp-image-18932\" srcset=\"https:\/\/wgphoto.pl\/t\/wp-content\/uploads\/2025\/06\/IMGP9793.jpg 1333w, https:\/\/wgphoto.pl\/t\/wp-content\/uploads\/2025\/06\/IMGP9793-300x225.jpg 300w, https:\/\/wgphoto.pl\/t\/wp-content\/uploads\/2025\/06\/IMGP9793-768x576.jpg 768w\" sizes=\"auto, (max-width: 1333px) 100vw, 1333px\" \/><\/figure>\n\n\n\n<div class=\"wp-block-group has-global-padding is-layout-constrained wp-block-group-is-layout-constrained\">\n<p>Plauen, Postplatz, w\u0119ze\u0142 przesiadkowy Tunnel. Wagony 238 i 239 nie musia\u0142y sobie ust\u0119powa\u0107 pierwsze\u0144stwa, jednak warto zwr\u00f3ci\u0107 uwag\u0119 na umieszczony na sieci znak okre\u015blaj\u0105cy owo pierwsze\u0144stwo. 11.09.2009<\/p>\n<\/div>\n","protected":false},"excerpt":{"rendered":"<p>Plauen, Postplatz, w\u0119ze\u0142 przesiadkowy Tunnel. Wagony 238 i 239 nie musia\u0142y sobie ust\u0119powa\u0107 pierwsze\u0144stwa, jednak warto zwr\u00f3ci\u0107 uwag\u0119 na umieszczony na sieci znak okre\u015blaj\u0105cy owo pierwsze\u0144stwo. 11.09.2009<\/p>\n","protected":false},"author":1,"featured_media":18932,"comment_status":"open","ping_status":"","sticky":false,"template":"","format":"standard","meta":{"footnotes":""},"categories":[169,3],"tags":[1334,230,389,23,489,488,33],"class_list":["post-18931","post","type-post","status-publish","format-standard","has-post-thumbnail","hentry","category-rok-2009","category-tramwaj","tag-2009-09-11","tag-infrastruktura","tag-mijanka","tag-niemcy","tag-plauen","tag-psb-plauen","tag-tatra-kt4"],"_links":{"self":[{"href":"https:\/\/wgphoto.pl\/t\/index.php?rest_route=\/wp\/v2\/posts\/18931","targetHints":{"allow":["GET"]}}],"collection":[{"href":"https:\/\/wgphoto.pl\/t\/index.php?rest_route=\/wp\/v2\/posts"}],"about":[{"href":"https:\/\/wgphoto.pl\/t\/index.php?rest_route=\/wp\/v2\/types\/post"}],"author":[{"embeddable":true,"href":"https:\/\/wgphoto.pl\/t\/index.php?rest_route=\/wp\/v2\/users\/1"}],"replies":[{"embeddable":true,"href":"https:\/\/wgphoto.pl\/t\/index.php?rest_route=%2Fwp%2Fv2%2Fcomments&post=18931"}],"version-history":[{"count":1,"href":"https:\/\/wgphoto.pl\/t\/index.php?rest_route=\/wp\/v2\/posts\/18931\/revisions"}],"predecessor-version":[{"id":18933,"href":"https:\/\/wgphoto.pl\/t\/index.php?rest_route=\/wp\/v2\/posts\/18931\/revisions\/18933"}],"wp:featuredmedia":[{"embeddable":true,"href":"https:\/\/wgphoto.pl\/t\/index.php?rest_route=\/wp\/v2\/media\/18932"}],"wp:attachment":[{"href":"https:\/\/wgphoto.pl\/t\/index.php?rest_route=%2Fwp%2Fv2%2Fmedia&parent=18931"}],"wp:term":[{"taxonomy":"category","embeddable":true,"href":"https:\/\/wgphoto.pl\/t\/index.php?rest_route=%2Fwp%2Fv2%2Fcategories&post=18931"},{"taxonomy":"post_tag","embeddable":true,"href":"https:\/\/wgphoto.pl\/t\/index.php?rest_route=%2Fwp%2Fv2%2Ftags&post=18931"}],"curies":[{"name":"wp","href":"https:\/\/api.w.org\/{rel}","templated":true}]}}