{"id":18964,"date":"2025-06-27T20:58:51","date_gmt":"2025-06-27T18:58:51","guid":{"rendered":"https:\/\/wgphoto.pl\/t\/?p=18964"},"modified":"2025-06-27T20:59:10","modified_gmt":"2025-06-27T18:59:10","slug":"epoki","status":"publish","type":"post","link":"https:\/\/wgphoto.pl\/t\/?p=18964","title":{"rendered":"Epoki"},"content":{"rendered":"\n<figure class=\"wp-block-image aligncenter size-full\"><img loading=\"lazy\" decoding=\"async\" width=\"1200\" height=\"803\" src=\"https:\/\/wgphoto.pl\/t\/wp-content\/uploads\/2025\/06\/IMGP3217.jpg\" alt=\"\" class=\"wp-image-18965\" srcset=\"https:\/\/wgphoto.pl\/t\/wp-content\/uploads\/2025\/06\/IMGP3217.jpg 1200w, https:\/\/wgphoto.pl\/t\/wp-content\/uploads\/2025\/06\/IMGP3217-300x201.jpg 300w, https:\/\/wgphoto.pl\/t\/wp-content\/uploads\/2025\/06\/IMGP3217-768x514.jpg 768w\" sizes=\"auto, (max-width: 1200px) 100vw, 1200px\" \/><\/figure>\n\n\n\n<div class=\"wp-block-group has-global-padding is-layout-constrained wp-block-group-is-layout-constrained\">\n<p>Berlin, stacja Klosterstrasse na linii U2. Kontrast epok poci\u0105gu metra z 1989 roku (typ LEW GI\/1E) i architektury stacji z 1913 roku oraz wagonu o 10 lat starszego. Na planszach przedstawiony by\u0142 przekr\u00f3j taboru berli\u0144skiego metra. 30.04.2013<\/p>\n<\/div>\n","protected":false},"excerpt":{"rendered":"<p>Berlin, stacja Klosterstrasse na linii U2. Kontrast epok poci\u0105gu metra z 1989 roku (typ LEW GI\/1E) i architektury stacji z 1913 roku oraz wagonu o 10 lat starszego. Na planszach przedstawiony by\u0142 przekr\u00f3j taboru berli\u0144skiego metra. 30.04.2013<\/p>\n","protected":false},"author":1,"featured_media":18965,"comment_status":"open","ping_status":"","sticky":false,"template":"","format":"standard","meta":{"footnotes":""},"categories":[4,55],"tags":[642,639,1628,4067,640,23,15,2565],"class_list":["post-18964","post","type-post","status-publish","format-standard","has-post-thumbnail","hentry","category-metro","category-rok-2013","tag-2013-04-30","tag-berlin","tag-bvg-berlin","tag-lew-g","tag-majowka-2013","tag-niemcy","tag-tunel","tag-u-bahn-berlin"],"_links":{"self":[{"href":"https:\/\/wgphoto.pl\/t\/index.php?rest_route=\/wp\/v2\/posts\/18964","targetHints":{"allow":["GET"]}}],"collection":[{"href":"https:\/\/wgphoto.pl\/t\/index.php?rest_route=\/wp\/v2\/posts"}],"about":[{"href":"https:\/\/wgphoto.pl\/t\/index.php?rest_route=\/wp\/v2\/types\/post"}],"author":[{"embeddable":true,"href":"https:\/\/wgphoto.pl\/t\/index.php?rest_route=\/wp\/v2\/users\/1"}],"replies":[{"embeddable":true,"href":"https:\/\/wgphoto.pl\/t\/index.php?rest_route=%2Fwp%2Fv2%2Fcomments&post=18964"}],"version-history":[{"count":1,"href":"https:\/\/wgphoto.pl\/t\/index.php?rest_route=\/wp\/v2\/posts\/18964\/revisions"}],"predecessor-version":[{"id":18966,"href":"https:\/\/wgphoto.pl\/t\/index.php?rest_route=\/wp\/v2\/posts\/18964\/revisions\/18966"}],"wp:featuredmedia":[{"embeddable":true,"href":"https:\/\/wgphoto.pl\/t\/index.php?rest_route=\/wp\/v2\/media\/18965"}],"wp:attachment":[{"href":"https:\/\/wgphoto.pl\/t\/index.php?rest_route=%2Fwp%2Fv2%2Fmedia&parent=18964"}],"wp:term":[{"taxonomy":"category","embeddable":true,"href":"https:\/\/wgphoto.pl\/t\/index.php?rest_route=%2Fwp%2Fv2%2Fcategories&post=18964"},{"taxonomy":"post_tag","embeddable":true,"href":"https:\/\/wgphoto.pl\/t\/index.php?rest_route=%2Fwp%2Fv2%2Ftags&post=18964"}],"curies":[{"name":"wp","href":"https:\/\/api.w.org\/{rel}","templated":true}]}}