{"id":18988,"date":"2025-06-27T21:37:59","date_gmt":"2025-06-27T19:37:59","guid":{"rendered":"https:\/\/wgphoto.pl\/t\/?p=18988"},"modified":"2025-06-27T21:37:59","modified_gmt":"2025-06-27T19:37:59","slug":"nie-ma-2","status":"publish","type":"post","link":"https:\/\/wgphoto.pl\/t\/?p=18988","title":{"rendered":"Nie ma"},"content":{"rendered":"\n<figure class=\"wp-block-image aligncenter size-full\"><img loading=\"lazy\" decoding=\"async\" width=\"1300\" height=\"867\" src=\"https:\/\/wgphoto.pl\/t\/wp-content\/uploads\/2025\/06\/0905-03.jpg\" alt=\"\" class=\"wp-image-18989\" srcset=\"https:\/\/wgphoto.pl\/t\/wp-content\/uploads\/2025\/06\/0905-03.jpg 1300w, https:\/\/wgphoto.pl\/t\/wp-content\/uploads\/2025\/06\/0905-03-300x200.jpg 300w, https:\/\/wgphoto.pl\/t\/wp-content\/uploads\/2025\/06\/0905-03-768x512.jpg 768w\" sizes=\"auto, (max-width: 1300px) 100vw, 1300px\" \/><\/figure>\n\n\n\n<div class=\"wp-block-group has-global-padding is-layout-constrained wp-block-group-is-layout-constrained\">\n<p>Wroc\u0142aw, ul. Dyrekcyjna, Protram 205WrAs 2710 podczas przejazdu specjalnego dla student\u00f3w PWr. Dzi\u015b w tym miejscu nie ma ju\u017c tor\u00f3w, a wagon przeszed\u0142 reinkarnacj\u0119 w Modertransie. 30.05.2009<\/p>\n<\/div>\n","protected":false},"excerpt":{"rendered":"<p>Wroc\u0142aw, ul. Dyrekcyjna, Protram 205WrAs 2710 podczas przejazdu specjalnego dla student\u00f3w PWr. Dzi\u015b w tym miejscu nie ma ju\u017c tor\u00f3w, a wagon przeszed\u0142 reinkarnacj\u0119 w Modertransie. 30.05.2009<\/p>\n","protected":false},"author":1,"featured_media":18989,"comment_status":"open","ping_status":"","sticky":false,"template":"","format":"standard","meta":{"footnotes":""},"categories":[62,169,3],"tags":[4068,13,42,154,27,1096,202,41],"class_list":["post-18988","post","type-post","status-publish","format-standard","has-post-thumbnail","hentry","category-analog","category-rok-2009","category-tramwaj","tag-2009-05-30","tag-deszcz","tag-mpk-wroclaw","tag-noc","tag-polska","tag-protram-205wras","tag-specjalny","tag-wroclaw"],"_links":{"self":[{"href":"https:\/\/wgphoto.pl\/t\/index.php?rest_route=\/wp\/v2\/posts\/18988","targetHints":{"allow":["GET"]}}],"collection":[{"href":"https:\/\/wgphoto.pl\/t\/index.php?rest_route=\/wp\/v2\/posts"}],"about":[{"href":"https:\/\/wgphoto.pl\/t\/index.php?rest_route=\/wp\/v2\/types\/post"}],"author":[{"embeddable":true,"href":"https:\/\/wgphoto.pl\/t\/index.php?rest_route=\/wp\/v2\/users\/1"}],"replies":[{"embeddable":true,"href":"https:\/\/wgphoto.pl\/t\/index.php?rest_route=%2Fwp%2Fv2%2Fcomments&post=18988"}],"version-history":[{"count":1,"href":"https:\/\/wgphoto.pl\/t\/index.php?rest_route=\/wp\/v2\/posts\/18988\/revisions"}],"predecessor-version":[{"id":18990,"href":"https:\/\/wgphoto.pl\/t\/index.php?rest_route=\/wp\/v2\/posts\/18988\/revisions\/18990"}],"wp:featuredmedia":[{"embeddable":true,"href":"https:\/\/wgphoto.pl\/t\/index.php?rest_route=\/wp\/v2\/media\/18989"}],"wp:attachment":[{"href":"https:\/\/wgphoto.pl\/t\/index.php?rest_route=%2Fwp%2Fv2%2Fmedia&parent=18988"}],"wp:term":[{"taxonomy":"category","embeddable":true,"href":"https:\/\/wgphoto.pl\/t\/index.php?rest_route=%2Fwp%2Fv2%2Fcategories&post=18988"},{"taxonomy":"post_tag","embeddable":true,"href":"https:\/\/wgphoto.pl\/t\/index.php?rest_route=%2Fwp%2Fv2%2Ftags&post=18988"}],"curies":[{"name":"wp","href":"https:\/\/api.w.org\/{rel}","templated":true}]}}