{"id":18991,"date":"2025-06-27T21:38:58","date_gmt":"2025-06-27T19:38:58","guid":{"rendered":"https:\/\/wgphoto.pl\/t\/?p=18991"},"modified":"2025-06-27T21:38:58","modified_gmt":"2025-06-27T19:38:58","slug":"tuz-nad-horyzontem","status":"publish","type":"post","link":"https:\/\/wgphoto.pl\/t\/?p=18991","title":{"rendered":"Tu\u017c nad horyzontem"},"content":{"rendered":"\n<figure class=\"wp-block-image aligncenter size-full\"><img loading=\"lazy\" decoding=\"async\" width=\"1000\" height=\"800\" src=\"https:\/\/wgphoto.pl\/t\/wp-content\/uploads\/2025\/06\/0304-034A.jpg\" alt=\"\" class=\"wp-image-18992\" srcset=\"https:\/\/wgphoto.pl\/t\/wp-content\/uploads\/2025\/06\/0304-034A.jpg 1000w, https:\/\/wgphoto.pl\/t\/wp-content\/uploads\/2025\/06\/0304-034A-300x240.jpg 300w, https:\/\/wgphoto.pl\/t\/wp-content\/uploads\/2025\/06\/0304-034A-768x614.jpg 768w\" sizes=\"auto, (max-width: 1000px) 100vw, 1000px\" \/><\/figure>\n\n\n\n<div class=\"wp-block-group has-global-padding is-layout-constrained wp-block-group-is-layout-constrained\">\n<p>3xEN57 (cho\u0107 tego nie wida\u0107) jako popo\u0142udniowy osobowy nr 629 z Wroc\u0142awia G\u0142\u00f3wnego do Rawicza zbli\u017ca si\u0119 do Wroc\u0142awia \u015awiniar w towarzystwie zimowego zachodu s\u0142o\u0144ca. 13.02.2003<\/p>\n<\/div>\n","protected":false},"excerpt":{"rendered":"<p>3xEN57 (cho\u0107 tego nie wida\u0107) jako popo\u0142udniowy osobowy nr 629 z Wroc\u0142awia G\u0142\u00f3wnego do Rawicza zbli\u017ca si\u0119 do Wroc\u0142awia \u015awiniar w towarzystwie zimowego zachodu s\u0142o\u0144ca. 13.02.2003<\/p>\n","protected":false},"author":1,"featured_media":18992,"comment_status":"open","ping_status":"","sticky":false,"template":"","format":"standard","meta":{"footnotes":""},"categories":[62,2,149],"tags":[1653,132,63,27,181,190,41,843],"class_list":["post-18991","post","type-post","status-publish","format-standard","has-post-thumbnail","hentry","category-analog","category-kolej","category-rok-2003","tag-2003-02-13","tag-en57","tag-pkp","tag-polska","tag-slonce","tag-tab-pl330","tag-wroclaw","tag-wroclaw-swiniary"],"_links":{"self":[{"href":"https:\/\/wgphoto.pl\/t\/index.php?rest_route=\/wp\/v2\/posts\/18991","targetHints":{"allow":["GET"]}}],"collection":[{"href":"https:\/\/wgphoto.pl\/t\/index.php?rest_route=\/wp\/v2\/posts"}],"about":[{"href":"https:\/\/wgphoto.pl\/t\/index.php?rest_route=\/wp\/v2\/types\/post"}],"author":[{"embeddable":true,"href":"https:\/\/wgphoto.pl\/t\/index.php?rest_route=\/wp\/v2\/users\/1"}],"replies":[{"embeddable":true,"href":"https:\/\/wgphoto.pl\/t\/index.php?rest_route=%2Fwp%2Fv2%2Fcomments&post=18991"}],"version-history":[{"count":1,"href":"https:\/\/wgphoto.pl\/t\/index.php?rest_route=\/wp\/v2\/posts\/18991\/revisions"}],"predecessor-version":[{"id":18993,"href":"https:\/\/wgphoto.pl\/t\/index.php?rest_route=\/wp\/v2\/posts\/18991\/revisions\/18993"}],"wp:featuredmedia":[{"embeddable":true,"href":"https:\/\/wgphoto.pl\/t\/index.php?rest_route=\/wp\/v2\/media\/18992"}],"wp:attachment":[{"href":"https:\/\/wgphoto.pl\/t\/index.php?rest_route=%2Fwp%2Fv2%2Fmedia&parent=18991"}],"wp:term":[{"taxonomy":"category","embeddable":true,"href":"https:\/\/wgphoto.pl\/t\/index.php?rest_route=%2Fwp%2Fv2%2Fcategories&post=18991"},{"taxonomy":"post_tag","embeddable":true,"href":"https:\/\/wgphoto.pl\/t\/index.php?rest_route=%2Fwp%2Fv2%2Ftags&post=18991"}],"curies":[{"name":"wp","href":"https:\/\/api.w.org\/{rel}","templated":true}]}}