{"id":19010,"date":"2025-06-27T21:44:59","date_gmt":"2025-06-27T19:44:59","guid":{"rendered":"https:\/\/wgphoto.pl\/t\/?p=19010"},"modified":"2025-06-27T21:44:59","modified_gmt":"2025-06-27T19:44:59","slug":"kumulacja-2","status":"publish","type":"post","link":"https:\/\/wgphoto.pl\/t\/?p=19010","title":{"rendered":"Kumulacja"},"content":{"rendered":"\n<figure class=\"wp-block-image aligncenter size-full\"><img loading=\"lazy\" decoding=\"async\" width=\"1300\" height=\"861\" src=\"https:\/\/wgphoto.pl\/t\/wp-content\/uploads\/2025\/06\/IMGP9472.jpg\" alt=\"\" class=\"wp-image-19011\" srcset=\"https:\/\/wgphoto.pl\/t\/wp-content\/uploads\/2025\/06\/IMGP9472.jpg 1300w, https:\/\/wgphoto.pl\/t\/wp-content\/uploads\/2025\/06\/IMGP9472-300x199.jpg 300w, https:\/\/wgphoto.pl\/t\/wp-content\/uploads\/2025\/06\/IMGP9472-768x509.jpg 768w\" sizes=\"auto, (max-width: 1300px) 100vw, 1300px\" \/><\/figure>\n\n\n\n<div class=\"wp-block-group has-global-padding is-layout-constrained wp-block-group-is-layout-constrained\">\n<p>Kumulacja na wyje\u017adzie z Prahy hl.n. na p\u00f3\u0142noc (oraz tak naprawd\u0119 wsch\u00f3d i zach\u00f3d). Lokomotywa 151.004 prowadzi najprawdopodobniej poci\u0105g Ex 143 do \u017byliny, obok zielona (po tym mo\u017cna j\u0105 zidentyfikowa\u0107) 150.209 z rychlikiem 607 z Chebu przez \u00dast\u00ed nad Labem. 28.02.2017<\/p>\n<\/div>\n","protected":false},"excerpt":{"rendered":"<p>Kumulacja na wyje\u017adzie z Prahy hl.n. na p\u00f3\u0142noc (oraz tak naprawd\u0119 wsch\u00f3d i zach\u00f3d). Lokomotywa 151.004 prowadzi najprawdopodobniej poci\u0105g Ex 143 do \u017byliny, obok zielona (po tym mo\u017cna j\u0105 zidentyfikowa\u0107) 150.209 z rychlikiem 607 z Chebu przez \u00dast\u00ed nad Labem. 28.02.2017<\/p>\n","protected":false},"author":1,"featured_media":19011,"comment_status":"open","ping_status":"","sticky":false,"template":"","format":"standard","meta":{"footnotes":""},"categories":[2,368],"tags":[1966,1929,50,49,113,389,52,703,1268,1375],"class_list":["post-19010","post","type-post","status-publish","format-standard","has-post-thumbnail","hentry","category-kolej","category-rok-2017","tag-1966","tag-2017-02-28","tag-cd","tag-czechy","tag-landszaft","tag-mijanka","tag-praga","tag-praha-hlavni-nadrazi","tag-regiojet","tag-tab-cz010"],"_links":{"self":[{"href":"https:\/\/wgphoto.pl\/t\/index.php?rest_route=\/wp\/v2\/posts\/19010","targetHints":{"allow":["GET"]}}],"collection":[{"href":"https:\/\/wgphoto.pl\/t\/index.php?rest_route=\/wp\/v2\/posts"}],"about":[{"href":"https:\/\/wgphoto.pl\/t\/index.php?rest_route=\/wp\/v2\/types\/post"}],"author":[{"embeddable":true,"href":"https:\/\/wgphoto.pl\/t\/index.php?rest_route=\/wp\/v2\/users\/1"}],"replies":[{"embeddable":true,"href":"https:\/\/wgphoto.pl\/t\/index.php?rest_route=%2Fwp%2Fv2%2Fcomments&post=19010"}],"version-history":[{"count":1,"href":"https:\/\/wgphoto.pl\/t\/index.php?rest_route=\/wp\/v2\/posts\/19010\/revisions"}],"predecessor-version":[{"id":19012,"href":"https:\/\/wgphoto.pl\/t\/index.php?rest_route=\/wp\/v2\/posts\/19010\/revisions\/19012"}],"wp:featuredmedia":[{"embeddable":true,"href":"https:\/\/wgphoto.pl\/t\/index.php?rest_route=\/wp\/v2\/media\/19011"}],"wp:attachment":[{"href":"https:\/\/wgphoto.pl\/t\/index.php?rest_route=%2Fwp%2Fv2%2Fmedia&parent=19010"}],"wp:term":[{"taxonomy":"category","embeddable":true,"href":"https:\/\/wgphoto.pl\/t\/index.php?rest_route=%2Fwp%2Fv2%2Fcategories&post=19010"},{"taxonomy":"post_tag","embeddable":true,"href":"https:\/\/wgphoto.pl\/t\/index.php?rest_route=%2Fwp%2Fv2%2Ftags&post=19010"}],"curies":[{"name":"wp","href":"https:\/\/api.w.org\/{rel}","templated":true}]}}